{"id":9940,"date":"2023-06-26T12:57:19","date_gmt":"2023-06-26T10:57:19","guid":{"rendered":"https:\/\/www.erdgas-suedwest.de\/natuerlichzukunft\/?p=9940"},"modified":"2025-12-13T10:09:27","modified_gmt":"2025-12-13T09:09:27","slug":"erklaerung-oekologischer-fussabdruck","status":"publish","type":"post","link":"https:\/\/www.erdgas-suedwest.de\/natuerlichzukunft\/erklaerung-oekologischer-fussabdruck\/","title":{"rendered":"Was ist der \u00f6kologische Fu\u00dfabdruck?"},"content":{"rendered":"\n<div class=\"wp-block-group\"><div class=\"wp-block-group__inner-container is-layout-constrained wp-block-group-is-layout-constrained\">\n<h2 class=\"wp-block-heading\">Inhaltsverzeichnis<\/h2>\n\n\n\n<ul class=\"wp-block-list\">\n<li><a href=\"#berechnung-fussabdruck\">Wir wird der \u00f6kologische Fu\u00dfabdruck berechnet?<\/a><\/li>\n\n\n\n<li><a href=\"#ressourcen-fussabdruck\">Welche Faktoren den \u00f6kologischen Fu\u00dfabdruck?<\/a><\/li>\n\n\n\n<li><a href=\"#erdueberlastungstag\">Der Erd\u00fcberlastungstag<\/a><\/li>\n\n\n\n<li><a href=\"#top-10-laender-fussabdruck\">Top 10 der L\u00e4nder mit dem gr\u00f6\u00dften bzw. kleinsten \u00f6kologischen Fu\u00dfabdruck<\/a><\/li>\n\n\n\n<li><a href=\"#verhalten-fu\u00dfabdruck-senken\">Was k\u00f6nnen wir tun, um unseren \u00f6kologischen Fu\u00dfabdruck zu verringern?<\/a><\/li>\n\n\n\n<li><a href=\"#oekologischer-handabdruck\">Der \u00f6kologische Handabdruck<\/a><\/li>\n\n\n\n<li><a href=\"#fazit-nachhaltigkeit\">Fazit: Nachhaltig leben<\/a><\/li>\n<\/ul>\n<\/div><\/div>\n\n\n\n<p>Ob wir essen, wohnen, uns fortbewegen oder kleiden \u2013 wir alle verbrauchen w\u00e4hrend unseres Lebens die <strong>nat\u00fcrlichen Ressourcen<\/strong>&nbsp;unseres Planeten wie Wasser, fruchtbare Fl\u00e4chen, Rohstoffe und Energie. Gleichzeitig produzieren wir durch unseren Lebensstil stetig mehr<strong>&nbsp;CO<sub>2<\/sub><\/strong>.<\/p>\n\n\n\n<p>Bis zu einem gewissen Ma\u00df ist der Planet in der Lage, unseren Verbrauch zu kompensieren: Ressourcen regenerieren sich, Pflanzen binden&nbsp;CO<sub>2<\/sub>&nbsp;und wandeln es in Sauerstoff um.&nbsp;Doch unser aktueller Lebensstil \u00fcbersteigt diese Regenerationsf\u00e4higkeit unserer Erde, die sogenannte Biokapazit\u00e4t, bei Weitem und befeuert dadurch den Klimawandel.&nbsp;<\/p>\n\n\n\n<p>Immer mehr Menschen m\u00f6chten sich umweltgerechter verhalten. Doch wo anfangen? Startpunkt und wichtiges Hilfsmittel ist der&nbsp;<strong>\u00f6kologische Fu\u00dfabdruck<\/strong>. 1994 von Mathis Wackernagel und William Reesentwickelt, l\u00e4sst sich durch diesen Indikator berechnen, ob unser Lebensstil die M\u00f6glichkeiten unseres Planeten \u00fcberstrapaziert oder ob wir uns im&nbsp;<strong>Gleichgewicht<\/strong>&nbsp;befinden.<\/p>\n\n\n\n<div id=\"berechnung-fussabdruck\" class=\"sprung\"><\/div>\n\n\n\n<h2 class=\"wp-block-heading\"><strong>Wie wird der \u00f6kologische Fu\u00dfabdruck berechnet?<\/strong><\/h2>\n\n\n\n<p>Grundlage zur Berechnung des pers\u00f6nlichen \u00f6kologischen Fu\u00dfabdrucks ist der&nbsp;<strong>globale Hektar (gha)<\/strong>. Darunter versteht man die&nbsp;<strong>biologisch produktive Fl\u00e4che<\/strong>, die der individuelle&nbsp;<strong>Lebensstandard<\/strong>&nbsp;pro Jahr verbraucht.&nbsp;<\/p>\n\n\n\n<p>Ackerfl\u00e4chen geh\u00f6ren ebenso dazu wie Weideland f\u00fcr die Viehzucht oder Waldfl\u00e4chen, die&nbsp;CO<sub>2<\/sub>&nbsp;speichern und Rohstoffe liefern. Auch Bauland und Fl\u00e4chen, auf denen wir unseren M\u00fcll entsorgen, z\u00e4hlen dazu.<\/p>\n\n\n\n<p>Da unterschiedliche Fl\u00e4chen auch unterschiedlich viele Ressourcen pro Jahr hervorbringen,&nbsp;handelt es sich bei dem globalen Hektar um einen weltweiten Durchschnittswert. Im Internet gibt es zahlreiche Rechner, die den pers\u00f6nlichen&nbsp;<strong>\u00f6kologischen Fu\u00dfabdruck kalkulieren<\/strong>, so zum Beispiel den&nbsp;der&nbsp;<a href=\"https:\/\/www.footprintcalculator.org\/home\/de\">Non-Profit-Organisation Global Footprint Network<\/a>.<\/p>\n\n\n\n<div class=\"responsive-two-columns\">\n\t<div class=\"c1\">\n\t\t<a href=\"https:\/\/www.erdgas-suedwest.de\/privatkunden\/stromtarife?ctm_source=blog&#038;ctm_medium=esw&#038;ctm_campaign=erklaerung-oekologischer-fussabdruck&#038;ctm_content=banner\" rel=\"noopener\">\n\t\t\t<img decoding=\"async\" src=\"https:\/\/www.erdgas-suedwest.de\/natuerlichzukunft\/wp-content\/uploads\/2024\/02\/wasserkraftwerk_stromgewinnung_staudamm.jpeg\" alt=\"G\u00fcnstigen \u00d6kostromtarif jetzt abschlie\u00dfen\" \/>\n\t\t<\/a>\n\t<\/div>\n\t<div class=\"c2\">\n\t\t<h3>100% \u00d6kostrom f\u00fcr Ihr Zuhause<\/h3>\n\t\t<p>Jetzt g\u00fcnstigen Tarif entdecken und \u00d6kostrom aus Wasserkraft nutzen.<\/p>\n\t\t<a href=\"https:\/\/www.erdgas-suedwest.de\/privatkunden\/stromtarife?ctm_source=blog&#038;ctm_medium=esw&#038;ctm_campaign=erklaerung-oekologischer-fussabdruck&#038;ctm_content=banner\" class=\"button\" rel=\"noopener\">Stromtarif abschlie\u00dfen<\/a>\n\t<\/div>\n<\/div>\n\n\n\n<div style=\"height:40px\" aria-hidden=\"true\" class=\"wp-block-spacer\"><\/div>\n\n\n\n<div id=\"ressourcen-fussabdruck\" class=\"sprung\"><\/div>\n\n\n\n<h2 class=\"wp-block-heading\"><strong>Welche Faktoren beeinflussen den \u00f6kologischen Fu\u00dfabdruck?<\/strong><\/h2>\n\n\n\n<p>Nicht alle Ressourcen, die Menschen zum Leben ben\u00f6tigen, wirken sich negativ auf den individuellen \u00f6kologischen Fu\u00dfabdruck aus. Die Luft zum Atmen oder auch das Sonnenlicht stehen ohne Konsequenzen zur Verf\u00fcgung. Alle anderen G\u00fcter verursachen jedoch in unterschiedlichem Ma\u00dfe&nbsp;<strong>Landverbrauch<\/strong>.<\/p>\n\n\n\n<h3 class=\"wp-block-heading\"><strong>Wohnen und Energie<\/strong><\/h3>\n\n\n\n<p>Ob Baumaterialien oder die Versorgung mit W\u00e4rme, Strom und Wasser \u2013 f\u00fcr das Wohnen ben\u00f6tigen wir sehr viele Ressourcen. Durch die Erschlie\u00dfung von Bauland werden immer mehr biologisch aktive Fl\u00e4chen versiegelt. Auf diesen Bereich entfallen 25 %.&nbsp;<\/p>\n\n\n\n<h3 class=\"wp-block-heading\"><strong>Mobilit\u00e4t und Verkehr<\/strong><\/h3>\n\n\n\n<p>In den globalen Lieferketten werden Waren und G\u00fcter rund um die Erde transportiert und auch wir Menschen reisen gerne und viel. Der Verkehrssektor f\u00fcr etwa 2 % der globalen CO<sub>2<\/sub>-Emissionen verantwortlich.&nbsp;<\/p>\n\n\n\n<h3 class=\"wp-block-heading\"><strong>Ern\u00e4hrung und Konsum<\/strong><\/h3>\n\n\n\n<p>Mit 35 % macht die Ern\u00e4hrung den gr\u00f6\u00dften Teil unseres \u00f6kologischen Fu\u00dfabdrucks in Deutschland aus. Je nachdem, wo Lebensmittel angebaut, wie sie&nbsp;<strong>transportiert und verpackt<\/strong>&nbsp;werden, f\u00e4llt ihre Bilanz unterschiedlich aus.<\/p>\n\n\n\n<p>Wasser, Energie, Kunstd\u00fcnger, Pestizide, Land \u2013 auch die Herstellung von Konsumg\u00fctern wie Kleidung, Kosmetika oder M\u00f6beln verbraucht viele&nbsp;<strong>nat\u00fcrliche Ressourcen<\/strong>. Zudem entsteht durch die Verpackung Abfall und durch den Transport klimasch\u00e4dliches CO<sub>2<\/sub>. 18 % des \u00f6kologischen Fu\u00dfabdrucks fallen hierzulande auf diesen Sektor.<\/p>\n\n\n\n<p>Die Prozentangaben stammen vom&nbsp;<a href=\"https:\/\/www.fussabdruck.de\/oekologischer-fussabdruck\/ueber-den-oekologischen-fussabdruck\/\">Sustainable Europe Research Institute<\/a>.&nbsp;<\/p>\n\n\n\n<p><a href=\"https:\/\/www.footprintcalculator.org\/home\/de\" target=\"_blank\" rel=\"noreferrer noopener nofollow\">Hier k\u00f6nnen Sie Ihren eigenen \u00f6kologischen Fu\u00dfabdruck kalkulieren lassen!<\/a> <\/p>\n\n\n\n<div id=\"erdueberlastungstag\" class=\"sprung\"><\/div>\n\n\n\n<h2 class=\"wp-block-heading\"><strong>Was ist der Erd\u00fcberlastungstag?<\/strong><\/h2>\n\n\n\n<p>Durch die intensive Nutzung fossiler Energietr\u00e4ger wie \u00d6l, Gas und Kohle&nbsp;wird mehr&nbsp;CO<sub>2&nbsp;<\/sub>freigesetzt, als unsere W\u00e4lder speichern k\u00f6nnen.&nbsp;Auch Ressourcen wie Energie, S\u00fc\u00dfwasser, Mineralien oder Nahrungsmittel stehen nicht unendlich zur Verf\u00fcgung. Die verf\u00fcgbaren, biologisch aktiven Fl\u00e4chen sind endlich. Es gibt nur eine&nbsp;<strong>begrenzte Anzahl<\/strong>&nbsp;von globalen Hektar.&nbsp;<\/p>\n\n\n\n<p>Daher, so die Berechnungen des Global Footprint Networks 2021, ben\u00f6tigt die Menschheit eigentlich 1,7 Erden, um so weiterzuleben wie bisher.<\/p>\n\n\n\n<p>Am 4. Mai 2023 proklamierte das Global Footprint Network den Erd\u00fcberlastungstag f\u00fcr Deutschland. An diesem Tag hatte Deutschland bereits alle&nbsp;<strong>Ressourcen<\/strong>&nbsp;aufgebracht, die f\u00fcr das ganze Jahr 2023 zur Verf\u00fcgung standen. Vor 25 Jahren noch lag der Erd\u00fcberlastungstag f\u00fcr Deutschland im Oktober. Die Situation hat sich in den letzten Jahrzehnten also zugespitzt.<\/p>\n\n\n\n<div id=\"top-10-laender-fussabdruck\" class=\"sprung\"><\/div>\n\n\n\n<h2 class=\"wp-block-heading\"><strong>Top 10: In welchen L\u00e4ndern ist der \u00f6kologische Fu\u00dfabdruck am gr\u00f6\u00dften und in welchen am geringsten?<\/strong><\/h2>\n\n\n\n<p>Der Ressourcenverbrauch ist weltweit sehr ungleich verteilt. W\u00fcrde die zur Verf\u00fcgung stehende biologisch aktive Fl\u00e4che gerecht aufgeteilt, st\u00fcnden jedem Menschen 1,6 gha zu. In der Realit\u00e4t sieht es jedoch anders aus.<\/p>\n\n\n\n<div class=\"wp-block-columns is-layout-flex wp-container-core-columns-is-layout-28f84493 wp-block-columns-is-layout-flex\">\n<div class=\"wp-block-column is-layout-flow wp-block-column-is-layout-flow\">\n<p>Diese 10 L\u00e4nder hatten im Jahr 2022 den&nbsp;<strong>gr\u00f6\u00dften \u00f6kologischen Fu\u00dfabdruck<\/strong>&nbsp;(gha pro Kopf):<\/p>\n\n\n\n<ul class=\"wp-block-list\">\n<li>Katar (13,13)<\/li>\n\n\n\n<li>Luxemburg (10,96)<\/li>\n\n\n\n<li>Vereinigte Arabische Emirate (8,71)<\/li>\n\n\n\n<li>Kuwait (8,55)<\/li>\n\n\n\n<li>Bahrain (8,18)<\/li>\n\n\n\n<li>Estland (8,12)<\/li>\n\n\n\n<li>Brunei Darussalam (7,91)<\/li>\n\n\n\n<li>Lettland (7,72)<\/li>\n\n\n\n<li>Mongolei (7,71)<\/li>\n\n\n\n<li>Belize (7,53)<\/li>\n<\/ul>\n\n\n\n<p>Zum Vergleich: Die USA liegen mit 7,46 gha pro Kopf auf Platz 11, Deutschland mit 4,50 auf Platz 35.<\/p>\n<\/div>\n\n\n\n<div class=\"wp-block-column is-layout-flow wp-block-column-is-layout-flow\">\n<p>Diese 10 L\u00e4nder hatten im Jahr 2022 den kleinsten&nbsp;<strong>\u00f6kologischen Fu\u00dfabdruck<\/strong>&nbsp;(gha pro Kopf):<\/p>\n\n\n\n<ul class=\"wp-block-list\">\n<li>Puerto Rico (0,12)<\/li>\n\n\n\n<li>Ruanda (0,55)<\/li>\n\n\n\n<li>Timor-Leste (0,56)<\/li>\n\n\n\n<li>Haiti (0,59)<\/li>\n\n\n\n<li>Burundi (0,59)<\/li>\n\n\n\n<li>Jemen (0,62)<\/li>\n\n\n\n<li>Venezuela (0,66)<\/li>\n\n\n\n<li>Bangladesch (0,67)<\/li>\n\n\n\n<li>Eritrea (0,72)<\/li>\n\n\n\n<li>Malawi (0,72)<\/li>\n<\/ul>\n\n\n\n<p><\/p>\n<\/div>\n<\/div>\n\n\n\n<p>Quelle: <a href=\"https:\/\/data.footprintnetwork.org\/index.html#\/compareCountries?type=EFCpc&amp;cn=all&amp;yr=2022\" target=\"_blank\" rel=\"noreferrer noopener nofollow\">Global Footprint Network<\/a><\/p>\n\n\n\n<div id=\"verhalten-fu\u00dfabdruck-senken\" class=\"sprung\"><\/div>\n\n\n\n<h2 class=\"wp-block-heading\"><strong>Was k\u00f6nnen wir tun, um unseren \u00f6kologischen Fu\u00dfabdruck zu verringern?<\/strong><\/h2>\n\n\n\n<p>Viele Menschen wollen den eigenen \u00f6kologischen Fu\u00dfabdruck verringern und zum Klimaschutz beitragen. Aber welche konkreten Ma\u00dfnahmen kann man als Privathaushalt ergreifen?&nbsp;<\/p>\n\n\n\n<h3 class=\"wp-block-heading\">Wohnen und Energie<\/h3>\n\n\n\n<p><strong>Heizungstausch mit der W\u00e4rmepumpe f\u00fcr ein besseres Klima:&nbsp;<\/strong>Das&nbsp;<strong>Umr\u00fcsten<\/strong>&nbsp;von Gas- und \u00d6lheizungen auf&nbsp;<a href=\"https:\/\/www.erdgas-suedwest.de\/natuerlichzukunft\/?s=w%C3%A4rmepumpe&amp;submit=Suchen\">W\u00e4rmepumpen<\/a>&nbsp;senkt den j\u00e4hrlichen CO<sub>2<\/sub>-Aussto\u00df, denn moderne W\u00e4rmepumpen arbeiten mit Umweltw\u00e4rme und in Kombination mit einem \u00d6kostromvertrag sind sie nahezu C02-neutral. Dadurch w\u00e4ren knapp&nbsp;<strong>30 Mio. Tonnen<\/strong>&nbsp;Einsparung m\u00f6glich.<sup>1<\/sup><\/p>\n\n\n\n<p><strong>Intelligent Heizen:&nbsp;<\/strong>Smarte&nbsp;<strong>Thermostate<\/strong>&nbsp;senken den Energieverbrauch, indem sie ber\u00fccksichtigen, ob jemand zu Hause ist, ob gel\u00fcftet wird oder wie die Wettervorhersage ist. Entsprechend optimieren sie die Heizleistung.&nbsp;<\/p>\n\n\n\n<p><strong>Mit Photovoltaik eigenen Strom generieren:&nbsp;<\/strong>Ob&nbsp;<strong>Photovoltaikanlage<\/strong>&nbsp;auf dem Dach oder&nbsp;<a href=\"https:\/\/www.erdgas-suedwest.de\/natuerlichzukunft\/eigener-strom-balkon-pv-solaranlage\/\">Balkonkraftwerk<\/a>: Wer seinen Haushalt oder sein Elektrofahrzeug mit Solarenergie versorgt, spart Stromkosten und punktet beim \u00f6kologischen Fu\u00dfabdruck.&nbsp;<\/p>\n\n\n\n<p>Generell gilt: Wer seinen \u00f6kologischen Fu\u00dfabdruck verkleinern m\u00f6chte, der sollte&nbsp;<strong>m\u00f6glichst wenig Energie verbrauchen<\/strong>. Tipps dazu geben wir in unserem Blogartikel&nbsp;<a href=\"https:\/\/www.erdgas-suedwest.de\/natuerlichzukunft\/tipps-energiesparen-heizung-strom-gas\/\">101 Energiespartipps f\u00fcr Heizung, Strom und Wasser<\/a>.<\/p>\n\n\n\n<div class=\"responsive-two-columns\">\n\t<div class=\"c1\">\n\t\t<a href=\"https:\/\/www.erdgas-suedwest.de\/zuhause\/heizung\/waermepumpe\/viessmann?ctm_source=blog&#038;ctm_medium=esw&#038;ctm_campaign=erklaerung-oekologischer-fussabdruck&#038;ctm_content=banner\" rel=\"noopener\">\n\t\t\t<img decoding=\"async\" src=\"https:\/\/www.erdgas-suedwest.de\/natuerlichzukunft\/wp-content\/uploads\/2025\/10\/Badge_StiWa-2025-testsieger_vitocal-250a.jpg\" alt=\"Stiftung Warentest Testsieger W\u00e4rmepumpe\" \/>\n\t\t<\/a>\n\t<\/div>\n\t<div class=\"c2\">\n\t\t<h3>Heizen mit dem Testsieger.<\/h3>\n\t\t<p>Stiftung Warentest: &#8222;Viessmann Vitocal hat die beste Energieeffizienz, ist gut bedienbar und nicht zu laut.&#8220;<\/p>\n\t\t<a href=\"https:\/\/www.erdgas-suedwest.de\/zuhause\/heizung\/waermepumpe\/viessmann?ctm_source=blog&#038;ctm_medium=esw&#038;ctm_campaign=erklaerung-oekologischer-fussabdruck&#038;ctm_content=banner\" class=\"button\" rel=\"noopener\">Jetzt zur W\u00e4rmepumpe informieren!<\/a>\n\t<\/div>\n<\/div>\n\n\n\n<p><\/p>\n\n\n\n<h3 class=\"wp-block-heading\"><strong>Mobilit\u00e4t und Verkehr<\/strong><\/h3>\n\n\n\n<p><strong>Auf Elektroauto umsteigen:&nbsp;<\/strong>Durch den Umstieg auf Elektroautos lassen sich enorme Mengen CO<sub>2&nbsp;<\/sub>einsparen. Laut einer Studie von E.on und der Beratungsfirma Energy Brainpool<sup>1<\/sup> w\u00fcrden wir rund 69 Millionen Tonnen CO<sub>2<\/sub>&nbsp;pro Jahr einsparen, w\u00fcrden alle Verbrennungsmotoren durch Elektromotoren ersetzt. Jeder Kauf eines E-Autos tr\u00e4gt einen Teil bei.<\/p>\n\n\n\n<p><strong>Das Auto als Energiespeicher:&nbsp;<\/strong>K\u00fcnftig soll beim&nbsp;<strong>bidirektionalen Laden<\/strong>&nbsp;eines Elektrofahrzeugs die Energie in beide Richtungen flie\u00dfen. Die Batterien nehmen also nicht nur Energie auf, sondern speisen diese bei Bedarf auch zur\u00fcck in den eigenen Haushalt. So wird das eigene Auto zum Stromspeicher. Stammt die Energie aus \u00d6kostrom oder der eigenen Photovoltaikanlage, senkt das den \u00f6kologischen Fu\u00dfabdruck.<\/p>\n\n\n\n<h3 class=\"wp-block-heading\"><strong><strong>Ern\u00e4hrung und Konsum<\/strong><\/strong><\/h3>\n\n\n\n<p>Auch unser individuelles Verhalten hat einen enormen Effekt. Wir k\u00f6nnen unseren Fleischkonsum reduzieren und mehr auf regionale, saisonale und vegetarische Kost setzen. Bei Kleidung und Ger\u00e4ten gilt: Lieber nachhaltig produziert oder secondhand kaufen und lieber reparieren als wegschmei\u00dfen.&nbsp;<\/p>\n\n\n\n<p>Ebenfalls gut f\u00fcr die Umwelt: so oft wie m\u00f6glich \u00f6ffentliche Verkehrsmittel nutzen oder gleich das Fahrrad nehmen bzw. zu Fu\u00df gehen. Verpackungen, vor allem aus Plastik, sollte man m\u00f6glichst vermeiden und unvermeidbaren M\u00fcll recyclen.&nbsp;<\/p>\n\n\n\n<div id=\"oekologischer-handabdruck\" class=\"sprung\"><\/div>\n\n\n\n<h2 class=\"wp-block-heading\">Aktiv werden f\u00fcr die Umwelt: <strong>Der \u00f6kologische Handabdruck?<\/strong><\/h2>\n\n\n\n<p>Der&nbsp;<strong>\u00f6kologische Handabdruck<\/strong>&nbsp;wurde von Umweltorganisationen etabliert, um Menschen zu motivieren, sich in ihrem Umfeld f\u00fcr&nbsp;<strong>mehr Nachhaltigkeit<\/strong>&nbsp;einzusetzen. Gemeint ist das individuelle&nbsp;<strong>Engagement<\/strong>, um das Bewusstsein f\u00fcr Klimaschutz in der Gesellschaft \u00fcberall dort zu verankern, wo wir auf andere Menschen treffen: in der Familie, in der Nachbarschaft, in der Schule oder im Verein.<\/p>\n\n\n\n<p>Der \u00f6kologische Handabdruck beschreibt also die&nbsp;<strong>Wirksamkeit<\/strong>&nbsp;einer Person, die in ihrem Umfeld Ver\u00e4nderungen im Sinne einer nachhaltigen Nutzung von Ressourcen ausl\u00f6st.<\/p>\n\n\n\n<div id=\"fazit-nachhaltigkeit\" class=\"sprung\"><\/div>\n\n\n\n<h2 class=\"wp-block-heading\"><strong>Fazit: Der blaue Planet muss lebenswert bleiben<\/strong><\/h2>\n\n\n\n<p>Der \u00f6kologische Fu\u00dfabdruck macht deutlich: Der hohe&nbsp;<strong>Lebensstandard in den westlichen Industrienationen&nbsp;<\/strong>mit der \u00fcbergro\u00dfen F\u00fclle von Waren und Dienstleistungen \u00fcberlastet unsere nat\u00fcrlichen Ressourcen. Wir verbrauchen zu viel und leben nicht nachhaltig.&nbsp;<\/p>\n\n\n\n<p>Die&nbsp;<strong>Konsequenzen<\/strong>&nbsp;<strong>des Klimawandels<\/strong>&nbsp;tragen allerdings nicht nur diejenigen, die ma\u00dfgeblich dazu beitragen. Der Klimawandel betrifft uns alle. Darum k\u00f6nnen wir auch alle unseren Teil zur&nbsp;<strong>Klimawende<\/strong>&nbsp;beitragen und durch umweltbewusstes Verhalten daran mitwirken, dass der blaue Planet lebenswert bleibt.<\/p>\n\n\n\n<hr class=\"wp-block-separator has-alpha-channel-opacity\"\/>\n\n\n\n<p>1: <a href=\"https:\/\/zukunftsindex.eon.de\">https:\/\/zukunftsindex.eon.de<\/a><\/p>\n","protected":false},"excerpt":{"rendered":"<p>Wie viel nat\u00fcrliche Ressourcen verbrauchen wir t\u00e4glich? Und welche Auswirkungen hat unser Verhalten auf Umwelt und Klima? Um solche Fragen zu beantworten, wurde der \u00f6kologische Fu\u00dfabdruck entwickelt, der den Ressourcenverbrauch jedes einzelnen Menschen abbildet. Wie man ihn verringert, erl\u00e4utern wir in diesem Artikel.<\/p>\n","protected":false},"author":4,"featured_media":10019,"comment_status":"open","ping_status":"closed","sticky":false,"template":"","format":"standard","meta":{"_acf_changed":false,"rating_form_position":"","rating_results_position":"","mr_structured_data_type":"Organization","footnotes":""},"categories":[11],"tags":[22,81,84],"class_list":["post-9940","post","type-post","status-publish","format-standard","has-post-thumbnail","hentry","category-wissen","tag-co2","tag-klimaneutralitaet","tag-nachhaltigkeit"],"acf":[],"yoast_head":"<!-- This site is optimized with the Yoast SEO plugin v27.4 - https:\/\/yoast.com\/product\/yoast-seo-wordpress\/ -->\n<title>Was ist der \u00f6kologische Fu\u00dfabdruck? - nat\u00fcrlichZukunft<\/title>\n<meta name=\"description\" content=\"Der \u00f6kologische Fu\u00dfabdruck\ud83d\udc63 beschreibt den individuellen Ressourcenverbrauch. Wie man seinen Fu\u00dfabdruck verringern kann? Hier mehr \u27a1\ufe0f\" \/>\n<meta name=\"robots\" content=\"index, follow, max-snippet:-1, max-image-preview:large, max-video-preview:-1\" \/>\n<link rel=\"canonical\" href=\"https:\/\/www.erdgas-suedwest.de\/natuerlichzukunft\/erklaerung-oekologischer-fussabdruck\/\" \/>\n<meta property=\"og:locale\" content=\"de_DE\" \/>\n<meta property=\"og:type\" content=\"article\" \/>\n<meta property=\"og:title\" content=\"Was ist der \u00f6kologische Fu\u00dfabdruck? - nat\u00fcrlichZukunft\" \/>\n<meta property=\"og:description\" content=\"Der \u00f6kologische Fu\u00dfabdruck\ud83d\udc63 beschreibt den individuellen Ressourcenverbrauch. Wie man seinen Fu\u00dfabdruck verringern kann? Hier mehr \u27a1\ufe0f\" \/>\n<meta property=\"og:url\" content=\"https:\/\/www.erdgas-suedwest.de\/natuerlichzukunft\/erklaerung-oekologischer-fussabdruck\/\" \/>\n<meta property=\"og:site_name\" content=\"nat\u00fcrlichZukunft\" \/>\n<meta property=\"article:published_time\" content=\"2023-06-26T10:57:19+00:00\" \/>\n<meta property=\"article:modified_time\" content=\"2025-12-13T09:09:27+00:00\" \/>\n<meta property=\"og:image\" content=\"https:\/\/www.erdgas-suedwest.de\/natuerlichzukunft\/wp-content\/uploads\/2023\/06\/Oekologischer-Fussabdruck_Headerbild_final.jpg\" \/>\n\t<meta property=\"og:image:width\" content=\"1808\" \/>\n\t<meta property=\"og:image:height\" content=\"672\" \/>\n\t<meta property=\"og:image:type\" content=\"image\/jpeg\" \/>\n<meta name=\"author\" content=\"Sigmund Staus\" \/>\n<meta name=\"twitter:card\" content=\"summary_large_image\" \/>\n<meta name=\"twitter:label1\" content=\"Verfasst von\" \/>\n\t<meta name=\"twitter:data1\" content=\"Sigmund Staus\" \/>\n\t<meta name=\"twitter:label2\" content=\"Gesch\u00e4tzte Lesezeit\" \/>\n\t<meta name=\"twitter:data2\" content=\"8\u00a0Minuten\" \/>\n<script type=\"application\/ld+json\" class=\"yoast-schema-graph\">{\"@context\":\"https:\\\/\\\/schema.org\",\"@graph\":[{\"@type\":\"Article\",\"@id\":\"https:\\\/\\\/www.erdgas-suedwest.de\\\/natuerlichzukunft\\\/erklaerung-oekologischer-fussabdruck\\\/#article\",\"isPartOf\":{\"@id\":\"https:\\\/\\\/www.erdgas-suedwest.de\\\/natuerlichzukunft\\\/erklaerung-oekologischer-fussabdruck\\\/\"},\"author\":{\"name\":\"Sigmund Staus\",\"@id\":\"https:\\\/\\\/www.erdgas-suedwest.de\\\/natuerlichzukunft\\\/#\\\/schema\\\/person\\\/c6031b6f4675b6a3432d612a62db9870\"},\"headline\":\"Was ist der \u00f6kologische Fu\u00dfabdruck?\",\"datePublished\":\"2023-06-26T10:57:19+00:00\",\"dateModified\":\"2025-12-13T09:09:27+00:00\",\"mainEntityOfPage\":{\"@id\":\"https:\\\/\\\/www.erdgas-suedwest.de\\\/natuerlichzukunft\\\/erklaerung-oekologischer-fussabdruck\\\/\"},\"wordCount\":1479,\"commentCount\":0,\"publisher\":{\"@id\":\"https:\\\/\\\/www.erdgas-suedwest.de\\\/natuerlichzukunft\\\/#organization\"},\"image\":{\"@id\":\"https:\\\/\\\/www.erdgas-suedwest.de\\\/natuerlichzukunft\\\/erklaerung-oekologischer-fussabdruck\\\/#primaryimage\"},\"thumbnailUrl\":\"https:\\\/\\\/www.erdgas-suedwest.de\\\/natuerlichzukunft\\\/wp-content\\\/uploads\\\/2023\\\/06\\\/Oekologischer-Fussabdruck_Headerbild_final.jpg\",\"keywords\":[\"CO\u2082\",\"Klimaneutralit\u00e4t\",\"Nachhaltigkeit\"],\"articleSection\":[\"Wissen\"],\"inLanguage\":\"de\",\"potentialAction\":[{\"@type\":\"CommentAction\",\"name\":\"Comment\",\"target\":[\"https:\\\/\\\/www.erdgas-suedwest.de\\\/natuerlichzukunft\\\/erklaerung-oekologischer-fussabdruck\\\/#respond\"]}]},{\"@type\":\"WebPage\",\"@id\":\"https:\\\/\\\/www.erdgas-suedwest.de\\\/natuerlichzukunft\\\/erklaerung-oekologischer-fussabdruck\\\/\",\"url\":\"https:\\\/\\\/www.erdgas-suedwest.de\\\/natuerlichzukunft\\\/erklaerung-oekologischer-fussabdruck\\\/\",\"name\":\"Was ist der \u00f6kologische Fu\u00dfabdruck? - nat\u00fcrlichZukunft\",\"isPartOf\":{\"@id\":\"https:\\\/\\\/www.erdgas-suedwest.de\\\/natuerlichzukunft\\\/#website\"},\"primaryImageOfPage\":{\"@id\":\"https:\\\/\\\/www.erdgas-suedwest.de\\\/natuerlichzukunft\\\/erklaerung-oekologischer-fussabdruck\\\/#primaryimage\"},\"image\":{\"@id\":\"https:\\\/\\\/www.erdgas-suedwest.de\\\/natuerlichzukunft\\\/erklaerung-oekologischer-fussabdruck\\\/#primaryimage\"},\"thumbnailUrl\":\"https:\\\/\\\/www.erdgas-suedwest.de\\\/natuerlichzukunft\\\/wp-content\\\/uploads\\\/2023\\\/06\\\/Oekologischer-Fussabdruck_Headerbild_final.jpg\",\"datePublished\":\"2023-06-26T10:57:19+00:00\",\"dateModified\":\"2025-12-13T09:09:27+00:00\",\"description\":\"Der \u00f6kologische Fu\u00dfabdruck\ud83d\udc63 beschreibt den individuellen Ressourcenverbrauch. Wie man seinen Fu\u00dfabdruck verringern kann? Hier mehr \u27a1\ufe0f\",\"breadcrumb\":{\"@id\":\"https:\\\/\\\/www.erdgas-suedwest.de\\\/natuerlichzukunft\\\/erklaerung-oekologischer-fussabdruck\\\/#breadcrumb\"},\"inLanguage\":\"de\",\"potentialAction\":[{\"@type\":\"ReadAction\",\"target\":[\"https:\\\/\\\/www.erdgas-suedwest.de\\\/natuerlichzukunft\\\/erklaerung-oekologischer-fussabdruck\\\/\"]}]},{\"@type\":\"ImageObject\",\"inLanguage\":\"de\",\"@id\":\"https:\\\/\\\/www.erdgas-suedwest.de\\\/natuerlichzukunft\\\/erklaerung-oekologischer-fussabdruck\\\/#primaryimage\",\"url\":\"https:\\\/\\\/www.erdgas-suedwest.de\\\/natuerlichzukunft\\\/wp-content\\\/uploads\\\/2023\\\/06\\\/Oekologischer-Fussabdruck_Headerbild_final.jpg\",\"contentUrl\":\"https:\\\/\\\/www.erdgas-suedwest.de\\\/natuerlichzukunft\\\/wp-content\\\/uploads\\\/2023\\\/06\\\/Oekologischer-Fussabdruck_Headerbild_final.jpg\",\"width\":1808,\"height\":672,\"caption\":\"\u00d6kologischer Fu\u00dfabdruck: der Mensch steht am Scheidepunkt zwischen einer nachhaltigen und gesunden Welt und einer ausgebeuteten verschmutzten Welt\"},{\"@type\":\"BreadcrumbList\",\"@id\":\"https:\\\/\\\/www.erdgas-suedwest.de\\\/natuerlichzukunft\\\/erklaerung-oekologischer-fussabdruck\\\/#breadcrumb\",\"itemListElement\":[{\"@type\":\"ListItem\",\"position\":1,\"name\":\"Home\",\"item\":\"https:\\\/\\\/www.erdgas-suedwest.de\\\/natuerlichzukunft\\\/\"},{\"@type\":\"ListItem\",\"position\":2,\"name\":\"Was ist der \u00f6kologische Fu\u00dfabdruck?\"}]},{\"@type\":\"WebSite\",\"@id\":\"https:\\\/\\\/www.erdgas-suedwest.de\\\/natuerlichzukunft\\\/#website\",\"url\":\"https:\\\/\\\/www.erdgas-suedwest.de\\\/natuerlichzukunft\\\/\",\"name\":\"nat\u00fcrlichZukunft\",\"description\":\"so geht \u00f6kologische Energie\",\"publisher\":{\"@id\":\"https:\\\/\\\/www.erdgas-suedwest.de\\\/natuerlichzukunft\\\/#organization\"},\"potentialAction\":[{\"@type\":\"SearchAction\",\"target\":{\"@type\":\"EntryPoint\",\"urlTemplate\":\"https:\\\/\\\/www.erdgas-suedwest.de\\\/natuerlichzukunft\\\/?s={search_term_string}\"},\"query-input\":{\"@type\":\"PropertyValueSpecification\",\"valueRequired\":true,\"valueName\":\"search_term_string\"}}],\"inLanguage\":\"de\"},{\"@type\":\"Organization\",\"@id\":\"https:\\\/\\\/www.erdgas-suedwest.de\\\/natuerlichzukunft\\\/#organization\",\"name\":\"nat\u00fcrlichZukunft\",\"url\":\"https:\\\/\\\/www.erdgas-suedwest.de\\\/natuerlichzukunft\\\/\",\"logo\":{\"@type\":\"ImageObject\",\"inLanguage\":\"de\",\"@id\":\"https:\\\/\\\/www.erdgas-suedwest.de\\\/natuerlichzukunft\\\/#\\\/schema\\\/logo\\\/image\\\/\",\"url\":\"https:\\\/\\\/www.erdgas-suedwest.de\\\/natuerlichzukunft\\\/wp-content\\\/uploads\\\/2024\\\/04\\\/natuerlichZukunft_Schriftzug.png\",\"contentUrl\":\"https:\\\/\\\/www.erdgas-suedwest.de\\\/natuerlichzukunft\\\/wp-content\\\/uploads\\\/2024\\\/04\\\/natuerlichZukunft_Schriftzug.png\",\"width\":520,\"height\":107,\"caption\":\"nat\u00fcrlichZukunft\"},\"image\":{\"@id\":\"https:\\\/\\\/www.erdgas-suedwest.de\\\/natuerlichzukunft\\\/#\\\/schema\\\/logo\\\/image\\\/\"}},{\"@type\":\"Person\",\"@id\":\"https:\\\/\\\/www.erdgas-suedwest.de\\\/natuerlichzukunft\\\/#\\\/schema\\\/person\\\/c6031b6f4675b6a3432d612a62db9870\",\"name\":\"Sigmund Staus\",\"url\":\"https:\\\/\\\/www.erdgas-suedwest.de\\\/natuerlichzukunft\\\/author\\\/sigmundstaus\\\/\"}]}<\/script>\n<!-- \/ Yoast SEO plugin. -->","yoast_head_json":{"title":"Was ist der \u00f6kologische Fu\u00dfabdruck? - nat\u00fcrlichZukunft","description":"Der \u00f6kologische Fu\u00dfabdruck\ud83d\udc63 beschreibt den individuellen Ressourcenverbrauch. Wie man seinen Fu\u00dfabdruck verringern kann? Hier mehr \u27a1\ufe0f","robots":{"index":"index","follow":"follow","max-snippet":"max-snippet:-1","max-image-preview":"max-image-preview:large","max-video-preview":"max-video-preview:-1"},"canonical":"https:\/\/www.erdgas-suedwest.de\/natuerlichzukunft\/erklaerung-oekologischer-fussabdruck\/","og_locale":"de_DE","og_type":"article","og_title":"Was ist der \u00f6kologische Fu\u00dfabdruck? - nat\u00fcrlichZukunft","og_description":"Der \u00f6kologische Fu\u00dfabdruck\ud83d\udc63 beschreibt den individuellen Ressourcenverbrauch. Wie man seinen Fu\u00dfabdruck verringern kann? Hier mehr \u27a1\ufe0f","og_url":"https:\/\/www.erdgas-suedwest.de\/natuerlichzukunft\/erklaerung-oekologischer-fussabdruck\/","og_site_name":"nat\u00fcrlichZukunft","article_published_time":"2023-06-26T10:57:19+00:00","article_modified_time":"2025-12-13T09:09:27+00:00","og_image":[{"width":1808,"height":672,"url":"https:\/\/www.erdgas-suedwest.de\/natuerlichzukunft\/wp-content\/uploads\/2023\/06\/Oekologischer-Fussabdruck_Headerbild_final.jpg","type":"image\/jpeg"}],"author":"Sigmund Staus","twitter_card":"summary_large_image","twitter_misc":{"Verfasst von":"Sigmund Staus","Gesch\u00e4tzte Lesezeit":"8\u00a0Minuten"},"schema":{"@context":"https:\/\/schema.org","@graph":[{"@type":"Article","@id":"https:\/\/www.erdgas-suedwest.de\/natuerlichzukunft\/erklaerung-oekologischer-fussabdruck\/#article","isPartOf":{"@id":"https:\/\/www.erdgas-suedwest.de\/natuerlichzukunft\/erklaerung-oekologischer-fussabdruck\/"},"author":{"name":"Sigmund Staus","@id":"https:\/\/www.erdgas-suedwest.de\/natuerlichzukunft\/#\/schema\/person\/c6031b6f4675b6a3432d612a62db9870"},"headline":"Was ist der \u00f6kologische Fu\u00dfabdruck?","datePublished":"2023-06-26T10:57:19+00:00","dateModified":"2025-12-13T09:09:27+00:00","mainEntityOfPage":{"@id":"https:\/\/www.erdgas-suedwest.de\/natuerlichzukunft\/erklaerung-oekologischer-fussabdruck\/"},"wordCount":1479,"commentCount":0,"publisher":{"@id":"https:\/\/www.erdgas-suedwest.de\/natuerlichzukunft\/#organization"},"image":{"@id":"https:\/\/www.erdgas-suedwest.de\/natuerlichzukunft\/erklaerung-oekologischer-fussabdruck\/#primaryimage"},"thumbnailUrl":"https:\/\/www.erdgas-suedwest.de\/natuerlichzukunft\/wp-content\/uploads\/2023\/06\/Oekologischer-Fussabdruck_Headerbild_final.jpg","keywords":["CO\u2082","Klimaneutralit\u00e4t","Nachhaltigkeit"],"articleSection":["Wissen"],"inLanguage":"de","potentialAction":[{"@type":"CommentAction","name":"Comment","target":["https:\/\/www.erdgas-suedwest.de\/natuerlichzukunft\/erklaerung-oekologischer-fussabdruck\/#respond"]}]},{"@type":"WebPage","@id":"https:\/\/www.erdgas-suedwest.de\/natuerlichzukunft\/erklaerung-oekologischer-fussabdruck\/","url":"https:\/\/www.erdgas-suedwest.de\/natuerlichzukunft\/erklaerung-oekologischer-fussabdruck\/","name":"Was ist der \u00f6kologische Fu\u00dfabdruck? - nat\u00fcrlichZukunft","isPartOf":{"@id":"https:\/\/www.erdgas-suedwest.de\/natuerlichzukunft\/#website"},"primaryImageOfPage":{"@id":"https:\/\/www.erdgas-suedwest.de\/natuerlichzukunft\/erklaerung-oekologischer-fussabdruck\/#primaryimage"},"image":{"@id":"https:\/\/www.erdgas-suedwest.de\/natuerlichzukunft\/erklaerung-oekologischer-fussabdruck\/#primaryimage"},"thumbnailUrl":"https:\/\/www.erdgas-suedwest.de\/natuerlichzukunft\/wp-content\/uploads\/2023\/06\/Oekologischer-Fussabdruck_Headerbild_final.jpg","datePublished":"2023-06-26T10:57:19+00:00","dateModified":"2025-12-13T09:09:27+00:00","description":"Der \u00f6kologische Fu\u00dfabdruck\ud83d\udc63 beschreibt den individuellen Ressourcenverbrauch. Wie man seinen Fu\u00dfabdruck verringern kann? Hier mehr \u27a1\ufe0f","breadcrumb":{"@id":"https:\/\/www.erdgas-suedwest.de\/natuerlichzukunft\/erklaerung-oekologischer-fussabdruck\/#breadcrumb"},"inLanguage":"de","potentialAction":[{"@type":"ReadAction","target":["https:\/\/www.erdgas-suedwest.de\/natuerlichzukunft\/erklaerung-oekologischer-fussabdruck\/"]}]},{"@type":"ImageObject","inLanguage":"de","@id":"https:\/\/www.erdgas-suedwest.de\/natuerlichzukunft\/erklaerung-oekologischer-fussabdruck\/#primaryimage","url":"https:\/\/www.erdgas-suedwest.de\/natuerlichzukunft\/wp-content\/uploads\/2023\/06\/Oekologischer-Fussabdruck_Headerbild_final.jpg","contentUrl":"https:\/\/www.erdgas-suedwest.de\/natuerlichzukunft\/wp-content\/uploads\/2023\/06\/Oekologischer-Fussabdruck_Headerbild_final.jpg","width":1808,"height":672,"caption":"\u00d6kologischer Fu\u00dfabdruck: der Mensch steht am Scheidepunkt zwischen einer nachhaltigen und gesunden Welt und einer ausgebeuteten verschmutzten Welt"},{"@type":"BreadcrumbList","@id":"https:\/\/www.erdgas-suedwest.de\/natuerlichzukunft\/erklaerung-oekologischer-fussabdruck\/#breadcrumb","itemListElement":[{"@type":"ListItem","position":1,"name":"Home","item":"https:\/\/www.erdgas-suedwest.de\/natuerlichzukunft\/"},{"@type":"ListItem","position":2,"name":"Was ist der \u00f6kologische Fu\u00dfabdruck?"}]},{"@type":"WebSite","@id":"https:\/\/www.erdgas-suedwest.de\/natuerlichzukunft\/#website","url":"https:\/\/www.erdgas-suedwest.de\/natuerlichzukunft\/","name":"nat\u00fcrlichZukunft","description":"so geht \u00f6kologische Energie","publisher":{"@id":"https:\/\/www.erdgas-suedwest.de\/natuerlichzukunft\/#organization"},"potentialAction":[{"@type":"SearchAction","target":{"@type":"EntryPoint","urlTemplate":"https:\/\/www.erdgas-suedwest.de\/natuerlichzukunft\/?s={search_term_string}"},"query-input":{"@type":"PropertyValueSpecification","valueRequired":true,"valueName":"search_term_string"}}],"inLanguage":"de"},{"@type":"Organization","@id":"https:\/\/www.erdgas-suedwest.de\/natuerlichzukunft\/#organization","name":"nat\u00fcrlichZukunft","url":"https:\/\/www.erdgas-suedwest.de\/natuerlichzukunft\/","logo":{"@type":"ImageObject","inLanguage":"de","@id":"https:\/\/www.erdgas-suedwest.de\/natuerlichzukunft\/#\/schema\/logo\/image\/","url":"https:\/\/www.erdgas-suedwest.de\/natuerlichzukunft\/wp-content\/uploads\/2024\/04\/natuerlichZukunft_Schriftzug.png","contentUrl":"https:\/\/www.erdgas-suedwest.de\/natuerlichzukunft\/wp-content\/uploads\/2024\/04\/natuerlichZukunft_Schriftzug.png","width":520,"height":107,"caption":"nat\u00fcrlichZukunft"},"image":{"@id":"https:\/\/www.erdgas-suedwest.de\/natuerlichzukunft\/#\/schema\/logo\/image\/"}},{"@type":"Person","@id":"https:\/\/www.erdgas-suedwest.de\/natuerlichzukunft\/#\/schema\/person\/c6031b6f4675b6a3432d612a62db9870","name":"Sigmund Staus","url":"https:\/\/www.erdgas-suedwest.de\/natuerlichzukunft\/author\/sigmundstaus\/"}]}},"multi-rating":{"mr_rating_results":[{"adjusted_star_result":4.91,"star_result":4.91,"total_max_option_value":5,"adjusted_score_result":4.91,"score_result":4.91,"percentage_result":98.18,"adjusted_percentage_result":98.18,"count":11,"post_id":9940}]},"_links":{"self":[{"href":"https:\/\/www.erdgas-suedwest.de\/natuerlichzukunft\/wp-json\/wp\/v2\/posts\/9940","targetHints":{"allow":["GET"]}}],"collection":[{"href":"https:\/\/www.erdgas-suedwest.de\/natuerlichzukunft\/wp-json\/wp\/v2\/posts"}],"about":[{"href":"https:\/\/www.erdgas-suedwest.de\/natuerlichzukunft\/wp-json\/wp\/v2\/types\/post"}],"author":[{"embeddable":true,"href":"https:\/\/www.erdgas-suedwest.de\/natuerlichzukunft\/wp-json\/wp\/v2\/users\/4"}],"replies":[{"embeddable":true,"href":"https:\/\/www.erdgas-suedwest.de\/natuerlichzukunft\/wp-json\/wp\/v2\/comments?post=9940"}],"version-history":[{"count":46,"href":"https:\/\/www.erdgas-suedwest.de\/natuerlichzukunft\/wp-json\/wp\/v2\/posts\/9940\/revisions"}],"predecessor-version":[{"id":15420,"href":"https:\/\/www.erdgas-suedwest.de\/natuerlichzukunft\/wp-json\/wp\/v2\/posts\/9940\/revisions\/15420"}],"wp:featuredmedia":[{"embeddable":true,"href":"https:\/\/www.erdgas-suedwest.de\/natuerlichzukunft\/wp-json\/wp\/v2\/media\/10019"}],"wp:attachment":[{"href":"https:\/\/www.erdgas-suedwest.de\/natuerlichzukunft\/wp-json\/wp\/v2\/media?parent=9940"}],"wp:term":[{"taxonomy":"category","embeddable":true,"href":"https:\/\/www.erdgas-suedwest.de\/natuerlichzukunft\/wp-json\/wp\/v2\/categories?post=9940"},{"taxonomy":"post_tag","embeddable":true,"href":"https:\/\/www.erdgas-suedwest.de\/natuerlichzukunft\/wp-json\/wp\/v2\/tags?post=9940"}],"curies":[{"name":"wp","href":"https:\/\/api.w.org\/{rel}","templated":true}]}}