{"id":9432,"date":"2023-04-05T10:49:46","date_gmt":"2023-04-05T08:49:46","guid":{"rendered":"https:\/\/www.erdgas-suedwest.de\/natuerlichzukunft\/?p=9432"},"modified":"2025-12-13T10:11:55","modified_gmt":"2025-12-13T09:11:55","slug":"schwimmende-photovoltaik-ostrach","status":"publish","type":"post","link":"https:\/\/www.erdgas-suedwest.de\/natuerlichzukunft\/schwimmende-photovoltaik-ostrach\/","title":{"rendered":"Floating PV in Baden-W\u00fcrttemberg: Was macht die Anlage in Ostrach besonders?"},"content":{"rendered":"\n<h2 class=\"wp-block-heading\">Photovoltaik braucht Fl\u00e4che<\/h2>\n\n\n\n<p>Der Ausbau der erneuerbaren Energien bleibt eine der zentralen Aufgaben der Energiewirtschaft in den n\u00e4chsten Jahren und Jahrzehnten. Neben der Energiegewinnung durch Windkraft oder Biomasse steht dabei vor allem die <strong>Stromerzeugung mittels Photovoltaikanlagen<\/strong> im Zentrum.<\/p>\n\n\n\n<p>Allerdings: Solaranlagen ben\u00f6tigen <strong>Fl\u00e4che<\/strong>. Deswegen gilt inzwischen f\u00fcr Neubauten oder neue Parkpl\u00e4tze ab einer gewissen Gr\u00f6\u00dfe eine <a href=\"https:\/\/www.erdgas-suedwest.de\/natuerlichzukunft\/photovoltaik-pflicht-in-baden-wuerttemberg\/\">Photovoltaik-Pflicht<\/a>. <\/p>\n\n\n\n<p>Das allein reicht bisher aber nicht aus, um Deutschland komplett mit Strom aus Sonnenenergie zu versorgen. Weitere Fl\u00e4chen werden gebraucht; welche genau, wird diskutiert. Und diese Diskussion ist nicht ganz einfach. Denn Deutschland ist ein dicht besiedeltes Land und die <strong>Landwirtschaft hat Priorit\u00e4t<\/strong>. <\/p>\n\n\n\n<p>Darum stehen unfruchtbare B\u00f6den oder auch Fl\u00e4chen an der Autobahn im Fokus. Gleichzeitig w\u00e4re es aber sinnvoll, gro\u00dffl\u00e4chige Solaranlagen nicht im Nirgendwo zu errichten, sondern besser in der <strong>N\u00e4he einer vorhandenen Netzinfrastruktur<\/strong>. Sonst steigen die Kosten, die u. a. durch die Netzentgelte f\u00fcr den Ausbau der \u00dcbertragungsnetze auch bei den Verbraucher*innen anfallen.<\/p>\n\n\n\n<h2 class=\"wp-block-heading\">Baggerseen sind der optimale Standort f\u00fcr Floating PV<\/h2>\n\n\n\n<p>Daher geraten Fl\u00e4chen ins Blickfeld, die beide Bedingungen vereinen: Wasserfl\u00e4chen, die durch den Abbau von Mineralstoffen entstanden sind \u2013 gemeinhin Baggerseen genannt. Denn diese <strong>k\u00fcnstlichen Seen<\/strong>, an denen meist Kieswerke betrieben werden, stehen f\u00fcr keine andere Nutzung zur Verf\u00fcgung. Sie eignen sich nicht f\u00fcr Erholungszwecke, weil die Gefahren einfach zu gro\u00df sind.<\/p>\n\n\n\n<p>Au\u00dferdem sind Kieswerke immer leistungsstark an das Stromnetz angeschlossen, denn die dort eingesetzten schweren Maschinen wie Bagger, R\u00fcttler oder Transportb\u00e4nder ben\u00f6tigen Strom.<\/p>\n\n\n\n<p>Eine auf dem Baggersee befindliche Floating PV erzeugt Strom, der zu einem erheblichen Teil <strong>direkt vor Ort<\/strong> verbraucht werden kann. Erzeugter Strom-\u00dcberschuss (z. B. am Wochenende) wird \u00fcber die bereits gut ausgebauten <a href=\"https:\/\/www.erdgas-suedwest.de\/natuerlichzukunft\/glossar\/netzanschluss\/\">Netzanschl\u00fcsse<\/a> ins allgemeine Stromnetz eingespeist. Baggerseen von Kieswerken eignen sich hervorragend, um gro\u00dffl\u00e4chige Solaranlagen auf schwimmenden Plattformen zu installieren.<\/p>\n\n\n\n<p>Weltweit ist die Technologie der <strong>Floating PV auf dem Vormarsch<\/strong>. Insgesamt waren 2021 bereits Anlagen mit einer Leistung von ca. 2,6 GW<sub>peak<\/sub> installiert, vor allem in Asien oder auch in den Niederlanden <sup>(1)<\/sup>. Allein in Deutschland geht man von einem technischen Potenzial von 44 GW<sub>peak<\/sub> aus. Zum Vergleich: Ein Block in einem konventionellen Kohlekraftwerk verf\u00fcgt \u00fcber eine Leistung von etwa 1 GW.<\/p>\n\n\n\n<p>Floating PV bietet auch noch andere Vorteile. <a href=\"https:\/\/www.erdgas-suedwest.de\/natuerlichzukunft\/7-gruende-warum-photovoltaik-auf-einem-baggersee-sinnvoll-ist\/\">Mehr dazu unseren Beitrag 7 Gr\u00fcnde warum Photovoltaik auf einem Baggersee sinnvoll ist.<\/a> <\/p>\n\n\n\n<h2 class=\"wp-block-heading\">Erdgas S\u00fcdwest stellt 3. Projekt in Ostrach fertig<\/h2>\n\n\n\n<p>Floating PV ist eine Technologie, die bei der Stromerzeugung der Zukunft eine sinnvolle Rolle spielen kann. <strong>Erdgas S\u00fcdwest<\/strong> hat daher bereits zwei derartige Anlagen realisiert: Eine schwimmt auf dem Tagebausee der Kieswerke Pfadt in <a href=\"https:\/\/www.erdgas-suedwest.de\/natuerlichzukunft\/schwimmende-photovoltaik-rekordanlage-leimersheim\/\">Leimersheim<\/a>, mit einer Leistung von insgesamt 1,5 MW<sub>peak<\/sub>. Seit 2019 ist eine Anlage mit 750 kW<sub>peak<\/sub> bei dem Kieswerk Ossola in Renchen in Betrieb, die \u00fcber Erwarten viel Strom liefert.<\/p>\n\n\n\n<p>Beide Anlagen laufen ohne Probleme und liefern st\u00f6rungsfrei Sonnenstrom.<\/p>\n\n\n\n<p>In den letzten Monaten hat Erdgas S\u00fcdwest ein <strong>3. Projekt<\/strong> fertiggestellt und dieses weist einige Besonderheiten auf.<\/p>\n\n\n\n<h2 class=\"wp-block-heading\">Floating PV Ostrach: Erste Anlage in Oberschwaben<\/h2>\n\n\n\n<p>Die Floating PV-Anlage auf einem Baggersee bei Ostrach, ca. 40 km n\u00f6rdlich des Bodensees, ist die <strong>erste Anlage in Oberschwaben<\/strong> \u00fcberhaupt. Seit 85 Jahren bauen die Kieswerke M\u00fcller dort Kies und Sand ab \u2013 Material, das im Zuge mehrerer Eiszeiten durch Gletscher aus den Alpen hierhin geschoben und auf dem Wege zerkleinert wurde.<\/p>\n\n\n\n<p>Der durch das Abbaggern entstandene See hat eine <strong>Fl\u00e4che von insgesamt 13 ha<\/strong>, wovon die Anlage etwa 5 % belegt.<\/p>\n\n\n\n<div class=\"wp-block-columns is-layout-flex wp-container-core-columns-is-layout-28f84493 wp-block-columns-is-layout-flex\">\n<div class=\"wp-block-column is-layout-flow wp-block-column-is-layout-flow\" style=\"flex-basis:50%\">\n<figure class=\"wp-block-image size-large\"><a href=\"https:\/\/www.erdgas-suedwest.de\/natuerlichzukunft\/wp-content\/uploads\/2023\/03\/schwimmende-pv-ostrach-luftbild.jpg\"><img loading=\"lazy\" decoding=\"async\" width=\"1024\" height=\"1024\" src=\"https:\/\/www.erdgas-suedwest.de\/natuerlichzukunft\/wp-content\/uploads\/2023\/03\/schwimmende-pv-ostrach-luftbild-1024x1024.jpg\" alt=\"Schwimmende Photovoltaikanlage von Erdgas S\u00fcdwest in Ostrach\" class=\"wp-image-9441\" srcset=\"https:\/\/www.erdgas-suedwest.de\/natuerlichzukunft\/wp-content\/uploads\/2023\/03\/schwimmende-pv-ostrach-luftbild-1024x1024.jpg 1024w, https:\/\/www.erdgas-suedwest.de\/natuerlichzukunft\/wp-content\/uploads\/2023\/03\/schwimmende-pv-ostrach-luftbild-300x300.jpg 300w, https:\/\/www.erdgas-suedwest.de\/natuerlichzukunft\/wp-content\/uploads\/2023\/03\/schwimmende-pv-ostrach-luftbild-150x150.jpg 150w, https:\/\/www.erdgas-suedwest.de\/natuerlichzukunft\/wp-content\/uploads\/2023\/03\/schwimmende-pv-ostrach-luftbild-768x768.jpg 768w, https:\/\/www.erdgas-suedwest.de\/natuerlichzukunft\/wp-content\/uploads\/2023\/03\/schwimmende-pv-ostrach-luftbild-360x360.jpg 360w, https:\/\/www.erdgas-suedwest.de\/natuerlichzukunft\/wp-content\/uploads\/2023\/03\/schwimmende-pv-ostrach-luftbild-690x690.jpg 690w, https:\/\/www.erdgas-suedwest.de\/natuerlichzukunft\/wp-content\/uploads\/2023\/03\/schwimmende-pv-ostrach-luftbild.jpg 1200w\" sizes=\"auto, (max-width: 1024px) 100vw, 1024px\" \/><\/a><\/figure>\n<\/div>\n\n\n\n<div class=\"wp-block-column is-layout-flow wp-block-column-is-layout-flow\" style=\"flex-basis:50%\">\n<figure class=\"wp-block-image size-large\"><a href=\"https:\/\/www.erdgas-suedwest.de\/natuerlichzukunft\/wp-content\/uploads\/2023\/03\/schwimmende-pv-ostrach-kabel.jpg\"><img loading=\"lazy\" decoding=\"async\" width=\"1024\" height=\"1024\" src=\"https:\/\/www.erdgas-suedwest.de\/natuerlichzukunft\/wp-content\/uploads\/2023\/03\/schwimmende-pv-ostrach-kabel-1024x1024.jpg\" alt=\"Schwimmende Photovoltaikanlage von Erdgas S\u00fcdwest in Ostrach\" class=\"wp-image-9440\" srcset=\"https:\/\/www.erdgas-suedwest.de\/natuerlichzukunft\/wp-content\/uploads\/2023\/03\/schwimmende-pv-ostrach-kabel-1024x1024.jpg 1024w, https:\/\/www.erdgas-suedwest.de\/natuerlichzukunft\/wp-content\/uploads\/2023\/03\/schwimmende-pv-ostrach-kabel-300x300.jpg 300w, https:\/\/www.erdgas-suedwest.de\/natuerlichzukunft\/wp-content\/uploads\/2023\/03\/schwimmende-pv-ostrach-kabel-150x150.jpg 150w, https:\/\/www.erdgas-suedwest.de\/natuerlichzukunft\/wp-content\/uploads\/2023\/03\/schwimmende-pv-ostrach-kabel-768x768.jpg 768w, https:\/\/www.erdgas-suedwest.de\/natuerlichzukunft\/wp-content\/uploads\/2023\/03\/schwimmende-pv-ostrach-kabel-360x360.jpg 360w, https:\/\/www.erdgas-suedwest.de\/natuerlichzukunft\/wp-content\/uploads\/2023\/03\/schwimmende-pv-ostrach-kabel-690x690.jpg 690w, https:\/\/www.erdgas-suedwest.de\/natuerlichzukunft\/wp-content\/uploads\/2023\/03\/schwimmende-pv-ostrach-kabel.jpg 1200w\" sizes=\"auto, (max-width: 1024px) 100vw, 1024px\" \/><\/a><\/figure>\n<\/div>\n<\/div>\n\n\n\n<p><strong>Die Besonderheiten der Konstruktion<\/strong><\/p>\n\n\n\n<p>Auf dem See schwimmen inzwischen <strong>2.500 Module<\/strong> auf einer speziellen Konstruktion des Unternehmens Zimmermann, das in der Region ans\u00e4ssig ist. Im Hinblick auf eine nachhaltige Lieferkette wird so eine Optimierung herbeigef\u00fchrt, da die gro\u00dfen und volumin\u00f6sen Bauteile, wie Floats und Unterkonstruktion, nicht mehr per Containerschiff aus Asien kommen. Vielmehr werden diese <strong>direkt in Deutschland<\/strong> produziert und zum Einsatzort transportiert. Bei den bisherigen Systemen wurden die einzelnen Solarpaneele auf je einem Schwimmk\u00f6rper montiert und diese dann untereinander verbunden. In Ostrach hingegen werden&nbsp;Boote aus einer <strong>Stahlkonstruktion<\/strong> und einer L\u00e4nge von \u00fcber 9 m&nbsp;an Land&nbsp;zusammengebaut, die mehrere Module tragen.<\/p>\n\n\n\n<p>Die Schwimmk\u00f6rper bestehen aus&nbsp;HDPE-Kunststoff, einem harten Material, das der Beanspruchung durch Wasser und Sonne gewachsen ist. Der Hersteller&nbsp;hat die Unterkonstruktion auf eine <strong>Lebensdauer von 25&nbsp;Jahren<\/strong>&nbsp;ausgelegt.<\/p>\n\n\n\n<p>&nbsp;Mit 8&nbsp;speziell hergestellten Seilen, auf jeder Seite 2, ist sie&nbsp;am Ufer verankert&nbsp;und kann sich&nbsp;nur in dem kalkuliertem Bereich bewegen. Die Konstruktion ist <strong>gegen Wind und Wetter gut gewappnet<\/strong>. Wellenbewegungen bis zu 1 m H\u00f6he und Windgeschwindigkeiten bis zu 200 km\/h k\u00f6nnen ohne Probleme gemeistert werden.<\/p>\n\n\n\n<p><strong>Der optimierte Stromertrag<\/strong><\/p>\n\n\n\n<p>Die Module werden auf dieser Konstruktion dachartig angebracht, auf Basis einer <strong>Ost-West-Ausrichtung<\/strong>. Dies stellt in Bezug auf den relevanten <a href=\"https:\/\/www.erdgas-suedwest.de\/natuerlichzukunft\/glossar\/eigenverbrauch\/\">Eigenverbrauch<\/a> vor Ort eine weitere Optimierung dar, da nun fr\u00fcher am Vormittag, als auch l\u00e4nger am Nachmittag h\u00f6here Leistungen erzielt werden. So besteht ein noch besserer Fit zwischen Last- und Erzeugungsprofil. Insgesamt verf\u00fcgen die Module \u00fcber eine maximale Leistung von 750 kW <a href=\"https:\/\/www.erdgas-suedwest.de\/natuerlichzukunft\/glossar\/peakleistung\/\">Peakleistung<\/a>. Daraus d\u00fcrfte sich eine <strong>Stromerzeugung von 800.000 kWh pro Jahr <\/strong>ergeben.<\/p>\n\n\n\n<p>Der durch die Solarmodule erzeugte Gleichstrom&nbsp;wird durch die ebenfalls auf der schwimmenden Konstruktion montierten <a href=\"https:\/\/www.erdgas-suedwest.de\/natuerlichzukunft\/glossar\/wechselrichter\/\">Wechselrichter<\/a> in Wechselstrom umgewandelt.&nbsp;Durch spezielle Kabel und eine schwimmende Leitung gelangt der <strong>Wechselstrom ans Ufer<\/strong> zu der an Land stehenden Transformatorstation.&nbsp;Dort wird die Spannungsebene von Niederspannung auf Mittelspannung erh\u00f6ht. Von dort flie\u00dft der Strom dann entweder direkt ins Kieswerk oder in das \u00f6ffentliche Stromnetz.<\/p>\n\n\n\n<p>Bei einem durchschnittlichen Verbrauch von 4.000 kWh pro Jahr und Haushalt k\u00f6nnten durch die Anlage <strong>200 Familien<\/strong> versorgt werden. Allerdings wird, und das ist ja auch so gewollt, mehr als die H\u00e4lfte des erzeugten Stroms gleich vor Ort f\u00fcr die Bagger, die F\u00f6rderb\u00e4nder und den allgemeinen Betrieb des Kieswerks verbraucht.<\/p>\n\n\n\n<p>Denn auch darum eignet sich Photovoltaik ideal f\u00fcr die Stromerzeugung an Kieswerken: Sonnenenergie unterliegt <strong>saisonalen Schwankungen<\/strong>. Im Sommer produziert eine Solaranlage maximal Strom und auch das Kieswerk l\u00e4uft auf Hochtouren: Die Baubranche hat in dieser Jahreszeit den h\u00f6chsten Bedarf an Baumaterial \u2013 und an Strom.<\/p>\n\n\n\n<h2 class=\"wp-block-heading\"><strong>Floating PV f\u00fcr die Region<\/strong><\/h2>\n\n\n\n<p>Die Realisierung der Floating PV-Anlage in Ostrach unterlag komplett Erdgas S\u00fcdwest. Projektleiter Dr. Johannes Dahlin erl\u00e4utert die <strong>Rolle von Erdgas S\u00fcdwest<\/strong> bei diesem Projekt: \u201eWir sind in Ostrach als Generalunternehmer aufgetreten. Das bedeutet, dass wir etwa 30 Lieferanten und Gewerke koordiniert haben. Besonders wichtig war uns dabei, dass wir mit Unternehmen aus der Region zusammengearbeitet haben. Denn damit unterst\u00fctzen wir unsere <strong>Nachhaltigkeitsstrategie<\/strong>, indem wir die <strong>regionale Wertsch\u00f6pfungskette<\/strong> st\u00e4rken.\u201c So stammt z. B. der Hersteller f\u00fcr die Schwimmkonstruktion, das Unternehmen Zimmermann, aus dem 40 km von Ostrach entfernten Oberessendorf.<\/p>\n\n\n\n<p>Die Vorteile dieses Vorgehens zeigte sich auch bei der Umsetzung: Nachdem das Genehmigungsverfahren und die Lieferzeit der Module, Kabel und Transformatoren mehrere Monate in Anspruch nahmen, war die Anlage <strong>binnen 14 Tage komplett installiert<\/strong>.<\/p>\n\n\n\n<p>Seit Mitte M\u00e4rz 2023 flie\u00dft erfolgreich Strom aus der Anlage in die Baumaschinen und ins Netz vor Ort.<\/p>\n\n\n\n<p><strong>Hier gibt es weitere Informationen zu unseren <\/strong><a href=\"https:\/\/www.erdgas-suedwest.de\/unternehmen-kommunen\/photovoltaik?ctm_source=blog&amp;ctm_medium=esw&amp;ctm_campaign=schwimmende-photovoltaik-rekordanlage-leimersheim&amp;ctm_content=textlink\" rel=\"noreferrer noopener\"><strong>Floating PV-Projekten sowie den Kontakt zum Expertenteam<\/strong><\/a>.  <\/p>\n\n\n\n<p><strong>Links<\/strong><\/p>\n\n\n\n<ul class=\"wp-block-list\">\n<li><a href=\"https:\/\/pv-floating.com\/de\/\" target=\"_blank\" rel=\"noreferrer noopener nofollow\">Website des Unternehmens Zimmermann<\/a>, Oberessendorf&nbsp;<\/li>\n\n\n\n<li><a href=\"https:\/\/www.kieswerke-mueller.de\" target=\"_blank\" rel=\"noreferrer noopener nofollow\">Website des Kieswerks M\u00fcller<\/a>, Ostrach&nbsp;<\/li>\n<\/ul>\n\n\n\n<p><strong>Belege<\/strong><\/p>\n\n\n\n<p><sup>(1)<\/sup> <a href=\"https:\/\/www.ise.fraunhofer.de\/de\/leitthemen\/integrierte-photovoltaik\/schwimmende-photovoltaik-fpv.html\" target=\"_blank\" rel=\"noreferrer noopener nofollow\">Studie des ISE Fraunhofer zum Thema Floating PV<\/a><\/p>\n\n\n\n<p><em>Fotos: Popovic<\/em><\/p>\n\n\n\n<h2 class=\"wp-block-heading\">Bildergalerie: Offizielle Einweihung der Floating PV in Ostrach am 5. Mai 2023<\/h2>\n\n\n\n<figure class=\"wp-block-gallery has-nested-images columns-default is-cropped wp-block-gallery-1 is-layout-flex wp-block-gallery-is-layout-flex\">\n<figure class=\"wp-block-image size-large\"><a href=\"https:\/\/www.erdgas-suedwest.de\/natuerlichzukunft\/wp-content\/uploads\/2023\/05\/schwimmende-photovoltaik-ostrach-einweihung-2.jpeg\"><img loading=\"lazy\" decoding=\"async\" width=\"1024\" height=\"906\" data-id=\"9657\" src=\"https:\/\/www.erdgas-suedwest.de\/natuerlichzukunft\/wp-content\/uploads\/2023\/05\/schwimmende-photovoltaik-ostrach-einweihung-2-1024x906.jpeg\" alt=\"Offizielle Einweihung der schwimmende Photovoltaikanlage in Ostrach mit Ministerpr\u00e4sident Kretschmann\" class=\"wp-image-9657\" srcset=\"https:\/\/www.erdgas-suedwest.de\/natuerlichzukunft\/wp-content\/uploads\/2023\/05\/schwimmende-photovoltaik-ostrach-einweihung-2-1024x906.jpeg 1024w, https:\/\/www.erdgas-suedwest.de\/natuerlichzukunft\/wp-content\/uploads\/2023\/05\/schwimmende-photovoltaik-ostrach-einweihung-2-300x265.jpeg 300w, https:\/\/www.erdgas-suedwest.de\/natuerlichzukunft\/wp-content\/uploads\/2023\/05\/schwimmende-photovoltaik-ostrach-einweihung-2-768x679.jpeg 768w, https:\/\/www.erdgas-suedwest.de\/natuerlichzukunft\/wp-content\/uploads\/2023\/05\/schwimmende-photovoltaik-ostrach-einweihung-2-407x360.jpeg 407w, https:\/\/www.erdgas-suedwest.de\/natuerlichzukunft\/wp-content\/uploads\/2023\/05\/schwimmende-photovoltaik-ostrach-einweihung-2-780x690.jpeg 780w, https:\/\/www.erdgas-suedwest.de\/natuerlichzukunft\/wp-content\/uploads\/2023\/05\/schwimmende-photovoltaik-ostrach-einweihung-2.jpeg 1466w\" sizes=\"auto, (max-width: 1024px) 100vw, 1024px\" \/><\/a><\/figure>\n\n\n\n<figure class=\"wp-block-image size-large\"><a href=\"https:\/\/www.erdgas-suedwest.de\/natuerlichzukunft\/wp-content\/uploads\/2023\/05\/schwimmende-photovoltaik-ostrach-einweihung-1.jpeg\"><img loading=\"lazy\" decoding=\"async\" width=\"768\" height=\"1024\" data-id=\"9656\" src=\"https:\/\/www.erdgas-suedwest.de\/natuerlichzukunft\/wp-content\/uploads\/2023\/05\/schwimmende-photovoltaik-ostrach-einweihung-1-768x1024.jpeg\" alt=\"Offizielle Einweihung der schwimmende Photovoltaikanlage in Ostrach mit Ministerpr\u00e4sident Kretschmann\" class=\"wp-image-9656\" srcset=\"https:\/\/www.erdgas-suedwest.de\/natuerlichzukunft\/wp-content\/uploads\/2023\/05\/schwimmende-photovoltaik-ostrach-einweihung-1-768x1025.jpeg 768w, https:\/\/www.erdgas-suedwest.de\/natuerlichzukunft\/wp-content\/uploads\/2023\/05\/schwimmende-photovoltaik-ostrach-einweihung-1-225x300.jpeg 225w, https:\/\/www.erdgas-suedwest.de\/natuerlichzukunft\/wp-content\/uploads\/2023\/05\/schwimmende-photovoltaik-ostrach-einweihung-1-1151x1536.jpeg 1151w, https:\/\/www.erdgas-suedwest.de\/natuerlichzukunft\/wp-content\/uploads\/2023\/05\/schwimmende-photovoltaik-ostrach-einweihung-1-270x360.jpeg 270w, https:\/\/www.erdgas-suedwest.de\/natuerlichzukunft\/wp-content\/uploads\/2023\/05\/schwimmende-photovoltaik-ostrach-einweihung-1-517x690.jpeg 517w, https:\/\/www.erdgas-suedwest.de\/natuerlichzukunft\/wp-content\/uploads\/2023\/05\/schwimmende-photovoltaik-ostrach-einweihung-1.jpeg 1535w\" sizes=\"auto, (max-width: 768px) 100vw, 768px\" \/><\/a><\/figure>\n\n\n\n<figure class=\"wp-block-image size-large\"><a href=\"https:\/\/www.erdgas-suedwest.de\/natuerlichzukunft\/wp-content\/uploads\/2023\/05\/schwimmende-photovoltaik-ostrach-einweihung-Kretschmann_Dahlin_Schell_Hinderhofer.jpg\"><img loading=\"lazy\" decoding=\"async\" width=\"825\" height=\"1024\" data-id=\"9665\" src=\"https:\/\/www.erdgas-suedwest.de\/natuerlichzukunft\/wp-content\/uploads\/2023\/05\/schwimmende-photovoltaik-ostrach-einweihung-Kretschmann_Dahlin_Schell_Hinderhofer-825x1024.jpg\" alt=\"Einweihung der Floating-PV-Anlage in Ostrach\" class=\"wp-image-9665\" srcset=\"https:\/\/www.erdgas-suedwest.de\/natuerlichzukunft\/wp-content\/uploads\/2023\/05\/schwimmende-photovoltaik-ostrach-einweihung-Kretschmann_Dahlin_Schell_Hinderhofer-825x1024.jpg 825w, https:\/\/www.erdgas-suedwest.de\/natuerlichzukunft\/wp-content\/uploads\/2023\/05\/schwimmende-photovoltaik-ostrach-einweihung-Kretschmann_Dahlin_Schell_Hinderhofer-242x300.jpg 242w, https:\/\/www.erdgas-suedwest.de\/natuerlichzukunft\/wp-content\/uploads\/2023\/05\/schwimmende-photovoltaik-ostrach-einweihung-Kretschmann_Dahlin_Schell_Hinderhofer-768x953.jpg 768w, https:\/\/www.erdgas-suedwest.de\/natuerlichzukunft\/wp-content\/uploads\/2023\/05\/schwimmende-photovoltaik-ostrach-einweihung-Kretschmann_Dahlin_Schell_Hinderhofer-1237x1536.jpg 1237w, https:\/\/www.erdgas-suedwest.de\/natuerlichzukunft\/wp-content\/uploads\/2023\/05\/schwimmende-photovoltaik-ostrach-einweihung-Kretschmann_Dahlin_Schell_Hinderhofer-1650x2048.jpg 1650w, https:\/\/www.erdgas-suedwest.de\/natuerlichzukunft\/wp-content\/uploads\/2023\/05\/schwimmende-photovoltaik-ostrach-einweihung-Kretschmann_Dahlin_Schell_Hinderhofer-290x360.jpg 290w, https:\/\/www.erdgas-suedwest.de\/natuerlichzukunft\/wp-content\/uploads\/2023\/05\/schwimmende-photovoltaik-ostrach-einweihung-Kretschmann_Dahlin_Schell_Hinderhofer-556x690.jpg 556w\" sizes=\"auto, (max-width: 825px) 100vw, 825px\" \/><\/a><\/figure>\n<\/figure>\n\n\n\n<p>V.l.n.r.: Hubert Locher (Mitgesellschafter + Beirat Kieswerke M\u00fcller), Ralf Biehl (Gesch\u00e4ftsf\u00fchrer Erdgas S\u00fcdwest), Stefanie B\u00fcrkle (Landr\u00e4tin Sigmaringen), Thomas Bei\u00dfwenger (Hauptgesch\u00e4ftsf\u00fchrer ISTE Industrieverband Steine und Erden BW e.V.), Winfried Kretschmann (Ministerpr\u00e4sident Baden-W\u00fcrttemberg), Andreas Schell (Vorstandsvorsitzender EnBW), Dr. Johannes Dahlin (Projektleiter Erdgas S\u00fcdwest), Boris Heller (Teamleiter Photovoltaik Erdgas S\u00fcdwest)<\/p>\n\n\n\n<figure class=\"wp-block-gallery has-nested-images columns-default is-cropped wp-block-gallery-2 is-layout-flex wp-block-gallery-is-layout-flex\">\n<figure class=\"wp-block-image size-large\"><a href=\"https:\/\/www.erdgas-suedwest.de\/natuerlichzukunft\/wp-content\/uploads\/2023\/05\/schwimmende-photovoltaik-ostrach-einweihung-3.jpeg\"><img loading=\"lazy\" decoding=\"async\" width=\"868\" height=\"1024\" data-id=\"9658\" src=\"https:\/\/www.erdgas-suedwest.de\/natuerlichzukunft\/wp-content\/uploads\/2023\/05\/schwimmende-photovoltaik-ostrach-einweihung-3-868x1024.jpeg\" alt=\"Offizielle Einweihung der schwimmende Photovoltaikanlage in Ostrach mit Ministerpr\u00e4sident Kretschmann\" class=\"wp-image-9658\" srcset=\"https:\/\/www.erdgas-suedwest.de\/natuerlichzukunft\/wp-content\/uploads\/2023\/05\/schwimmende-photovoltaik-ostrach-einweihung-3-868x1024.jpeg 868w, https:\/\/www.erdgas-suedwest.de\/natuerlichzukunft\/wp-content\/uploads\/2023\/05\/schwimmende-photovoltaik-ostrach-einweihung-3-254x300.jpeg 254w, https:\/\/www.erdgas-suedwest.de\/natuerlichzukunft\/wp-content\/uploads\/2023\/05\/schwimmende-photovoltaik-ostrach-einweihung-3-768x906.jpeg 768w, https:\/\/www.erdgas-suedwest.de\/natuerlichzukunft\/wp-content\/uploads\/2023\/05\/schwimmende-photovoltaik-ostrach-einweihung-3-1303x1536.jpeg 1303w, https:\/\/www.erdgas-suedwest.de\/natuerlichzukunft\/wp-content\/uploads\/2023\/05\/schwimmende-photovoltaik-ostrach-einweihung-3-305x360.jpeg 305w, https:\/\/www.erdgas-suedwest.de\/natuerlichzukunft\/wp-content\/uploads\/2023\/05\/schwimmende-photovoltaik-ostrach-einweihung-3-585x690.jpeg 585w, https:\/\/www.erdgas-suedwest.de\/natuerlichzukunft\/wp-content\/uploads\/2023\/05\/schwimmende-photovoltaik-ostrach-einweihung-3.jpeg 1340w\" sizes=\"auto, (max-width: 868px) 100vw, 868px\" \/><\/a><figcaption class=\"wp-element-caption\">Baden-W\u00fcrttembergs Ministerpr\u00e4sident Kretschmann im Gespr\u00e4ch<\/figcaption><\/figure>\n\n\n\n<figure class=\"wp-block-image size-large\"><a href=\"https:\/\/www.erdgas-suedwest.de\/natuerlichzukunft\/wp-content\/uploads\/2023\/05\/schwimmende-photovoltaik-ostrach-einweihung-schell.jpeg\"><img loading=\"lazy\" decoding=\"async\" width=\"1024\" height=\"806\" data-id=\"9668\" src=\"https:\/\/www.erdgas-suedwest.de\/natuerlichzukunft\/wp-content\/uploads\/2023\/05\/schwimmende-photovoltaik-ostrach-einweihung-schell-1024x806.jpeg\" alt=\"Einweihung der Floating-PV-Anlage in Ostrach - Schell\" class=\"wp-image-9668\" srcset=\"https:\/\/www.erdgas-suedwest.de\/natuerlichzukunft\/wp-content\/uploads\/2023\/05\/schwimmende-photovoltaik-ostrach-einweihung-schell-1024x806.jpeg 1024w, https:\/\/www.erdgas-suedwest.de\/natuerlichzukunft\/wp-content\/uploads\/2023\/05\/schwimmende-photovoltaik-ostrach-einweihung-schell-300x236.jpeg 300w, https:\/\/www.erdgas-suedwest.de\/natuerlichzukunft\/wp-content\/uploads\/2023\/05\/schwimmende-photovoltaik-ostrach-einweihung-schell-768x605.jpeg 768w, https:\/\/www.erdgas-suedwest.de\/natuerlichzukunft\/wp-content\/uploads\/2023\/05\/schwimmende-photovoltaik-ostrach-einweihung-schell-1536x1210.jpeg 1536w, https:\/\/www.erdgas-suedwest.de\/natuerlichzukunft\/wp-content\/uploads\/2023\/05\/schwimmende-photovoltaik-ostrach-einweihung-schell-2048x1613.jpeg 2048w, https:\/\/www.erdgas-suedwest.de\/natuerlichzukunft\/wp-content\/uploads\/2023\/05\/schwimmende-photovoltaik-ostrach-einweihung-schell-457x360.jpeg 457w, https:\/\/www.erdgas-suedwest.de\/natuerlichzukunft\/wp-content\/uploads\/2023\/05\/schwimmende-photovoltaik-ostrach-einweihung-schell-876x690.jpeg 876w\" sizes=\"auto, (max-width: 1024px) 100vw, 1024px\" \/><\/a><figcaption class=\"wp-element-caption\">Andreas Schell (Vorstandsvorsitzender EnBW)<\/figcaption><\/figure>\n\n\n\n<figure class=\"wp-block-image size-large\"><a href=\"https:\/\/www.erdgas-suedwest.de\/natuerlichzukunft\/wp-content\/uploads\/2023\/05\/schwimmende-photovoltaik-ostrach-einweihung-kretschmann.jpeg\"><img loading=\"lazy\" decoding=\"async\" width=\"1024\" height=\"868\" data-id=\"9666\" src=\"https:\/\/www.erdgas-suedwest.de\/natuerlichzukunft\/wp-content\/uploads\/2023\/05\/schwimmende-photovoltaik-ostrach-einweihung-kretschmann-1024x868.jpeg\" alt=\"Einweihung der Floating-PV-Anlage in Ostrach - Kretschmann\" class=\"wp-image-9666\" srcset=\"https:\/\/www.erdgas-suedwest.de\/natuerlichzukunft\/wp-content\/uploads\/2023\/05\/schwimmende-photovoltaik-ostrach-einweihung-kretschmann-1024x868.jpeg 1024w, https:\/\/www.erdgas-suedwest.de\/natuerlichzukunft\/wp-content\/uploads\/2023\/05\/schwimmende-photovoltaik-ostrach-einweihung-kretschmann-300x254.jpeg 300w, https:\/\/www.erdgas-suedwest.de\/natuerlichzukunft\/wp-content\/uploads\/2023\/05\/schwimmende-photovoltaik-ostrach-einweihung-kretschmann-768x651.jpeg 768w, https:\/\/www.erdgas-suedwest.de\/natuerlichzukunft\/wp-content\/uploads\/2023\/05\/schwimmende-photovoltaik-ostrach-einweihung-kretschmann-1536x1302.jpeg 1536w, https:\/\/www.erdgas-suedwest.de\/natuerlichzukunft\/wp-content\/uploads\/2023\/05\/schwimmende-photovoltaik-ostrach-einweihung-kretschmann-2048x1736.jpeg 2048w, https:\/\/www.erdgas-suedwest.de\/natuerlichzukunft\/wp-content\/uploads\/2023\/05\/schwimmende-photovoltaik-ostrach-einweihung-kretschmann-425x360.jpeg 425w, https:\/\/www.erdgas-suedwest.de\/natuerlichzukunft\/wp-content\/uploads\/2023\/05\/schwimmende-photovoltaik-ostrach-einweihung-kretschmann-814x690.jpeg 814w\" sizes=\"auto, (max-width: 1024px) 100vw, 1024px\" \/><\/a><figcaption class=\"wp-element-caption\">Winfried Kretschmann (Ministerpr\u00e4sident Baden-W\u00fcrttemberg)<\/figcaption><\/figure>\n\n\n\n<figure class=\"wp-block-image size-large\"><a href=\"https:\/\/www.erdgas-suedwest.de\/natuerlichzukunft\/wp-content\/uploads\/2023\/05\/schwimmende-photovoltaik-ostrach-einweihung-hinderhofer.jpeg\"><img loading=\"lazy\" decoding=\"async\" width=\"1024\" height=\"883\" data-id=\"9664\" src=\"https:\/\/www.erdgas-suedwest.de\/natuerlichzukunft\/wp-content\/uploads\/2023\/05\/schwimmende-photovoltaik-ostrach-einweihung-hinderhofer-1024x883.jpeg\" alt=\"Offizielle Einweihung der schwimmende Photovoltaikanlage in Ostrach - Hinderhofer\" class=\"wp-image-9664\" srcset=\"https:\/\/www.erdgas-suedwest.de\/natuerlichzukunft\/wp-content\/uploads\/2023\/05\/schwimmende-photovoltaik-ostrach-einweihung-hinderhofer-1024x883.jpeg 1024w, https:\/\/www.erdgas-suedwest.de\/natuerlichzukunft\/wp-content\/uploads\/2023\/05\/schwimmende-photovoltaik-ostrach-einweihung-hinderhofer-300x259.jpeg 300w, https:\/\/www.erdgas-suedwest.de\/natuerlichzukunft\/wp-content\/uploads\/2023\/05\/schwimmende-photovoltaik-ostrach-einweihung-hinderhofer-768x662.jpeg 768w, https:\/\/www.erdgas-suedwest.de\/natuerlichzukunft\/wp-content\/uploads\/2023\/05\/schwimmende-photovoltaik-ostrach-einweihung-hinderhofer-1536x1325.jpeg 1536w, https:\/\/www.erdgas-suedwest.de\/natuerlichzukunft\/wp-content\/uploads\/2023\/05\/schwimmende-photovoltaik-ostrach-einweihung-hinderhofer-2048x1766.jpeg 2048w, https:\/\/www.erdgas-suedwest.de\/natuerlichzukunft\/wp-content\/uploads\/2023\/05\/schwimmende-photovoltaik-ostrach-einweihung-hinderhofer-417x360.jpeg 417w, https:\/\/www.erdgas-suedwest.de\/natuerlichzukunft\/wp-content\/uploads\/2023\/05\/schwimmende-photovoltaik-ostrach-einweihung-hinderhofer-800x690.jpeg 800w\" sizes=\"auto, (max-width: 1024px) 100vw, 1024px\" \/><\/a><figcaption class=\"wp-element-caption\">Thomas Hinderhofer (Gesch\u00e4ftsf\u00fchrer Kies- und Schotterwerke M\u00fcller), auf dessen Betrieb die Anlage errichtet wurde.<\/figcaption><\/figure>\n\n\n\n<figure class=\"wp-block-image size-large\"><a href=\"https:\/\/www.erdgas-suedwest.de\/natuerlichzukunft\/wp-content\/uploads\/2023\/05\/schwimmende-photovoltaik-ostrach-einweihung-beisswenger.jpeg\"><img loading=\"lazy\" decoding=\"async\" width=\"1024\" height=\"853\" data-id=\"9660\" src=\"https:\/\/www.erdgas-suedwest.de\/natuerlichzukunft\/wp-content\/uploads\/2023\/05\/schwimmende-photovoltaik-ostrach-einweihung-beisswenger-1024x853.jpeg\" alt=\"Offizielle Einweihung der schwimmende Photovoltaikanlage in Ostrach - Beisswenger\" class=\"wp-image-9660\" srcset=\"https:\/\/www.erdgas-suedwest.de\/natuerlichzukunft\/wp-content\/uploads\/2023\/05\/schwimmende-photovoltaik-ostrach-einweihung-beisswenger-1024x853.jpeg 1024w, https:\/\/www.erdgas-suedwest.de\/natuerlichzukunft\/wp-content\/uploads\/2023\/05\/schwimmende-photovoltaik-ostrach-einweihung-beisswenger-300x250.jpeg 300w, https:\/\/www.erdgas-suedwest.de\/natuerlichzukunft\/wp-content\/uploads\/2023\/05\/schwimmende-photovoltaik-ostrach-einweihung-beisswenger-768x640.jpeg 768w, https:\/\/www.erdgas-suedwest.de\/natuerlichzukunft\/wp-content\/uploads\/2023\/05\/schwimmende-photovoltaik-ostrach-einweihung-beisswenger-1536x1280.jpeg 1536w, https:\/\/www.erdgas-suedwest.de\/natuerlichzukunft\/wp-content\/uploads\/2023\/05\/schwimmende-photovoltaik-ostrach-einweihung-beisswenger-2048x1707.jpeg 2048w, https:\/\/www.erdgas-suedwest.de\/natuerlichzukunft\/wp-content\/uploads\/2023\/05\/schwimmende-photovoltaik-ostrach-einweihung-beisswenger-432x360.jpeg 432w, https:\/\/www.erdgas-suedwest.de\/natuerlichzukunft\/wp-content\/uploads\/2023\/05\/schwimmende-photovoltaik-ostrach-einweihung-beisswenger-828x690.jpeg 828w\" sizes=\"auto, (max-width: 1024px) 100vw, 1024px\" \/><\/a><figcaption class=\"wp-element-caption\">Thomas Bei\u00dfwenger (Hauptgesch\u00e4ftsf\u00fchrer ISTE Industrieverband Steine und Erden BW e.V.) <\/figcaption><\/figure>\n\n\n\n<figure class=\"wp-block-image size-large\"><a href=\"https:\/\/www.erdgas-suedwest.de\/natuerlichzukunft\/wp-content\/uploads\/2023\/05\/schwimmende-photovoltaik-ostrach-einweihung-dahlin.jpeg\"><img loading=\"lazy\" decoding=\"async\" width=\"1024\" height=\"827\" data-id=\"9662\" src=\"https:\/\/www.erdgas-suedwest.de\/natuerlichzukunft\/wp-content\/uploads\/2023\/05\/schwimmende-photovoltaik-ostrach-einweihung-dahlin-1024x827.jpeg\" alt=\"Offizielle Einweihung der schwimmende Photovoltaikanlage in Ostrach - Dahlin\" class=\"wp-image-9662\" srcset=\"https:\/\/www.erdgas-suedwest.de\/natuerlichzukunft\/wp-content\/uploads\/2023\/05\/schwimmende-photovoltaik-ostrach-einweihung-dahlin-1024x827.jpeg 1024w, https:\/\/www.erdgas-suedwest.de\/natuerlichzukunft\/wp-content\/uploads\/2023\/05\/schwimmende-photovoltaik-ostrach-einweihung-dahlin-300x242.jpeg 300w, https:\/\/www.erdgas-suedwest.de\/natuerlichzukunft\/wp-content\/uploads\/2023\/05\/schwimmende-photovoltaik-ostrach-einweihung-dahlin-768x620.jpeg 768w, https:\/\/www.erdgas-suedwest.de\/natuerlichzukunft\/wp-content\/uploads\/2023\/05\/schwimmende-photovoltaik-ostrach-einweihung-dahlin-1536x1240.jpeg 1536w, https:\/\/www.erdgas-suedwest.de\/natuerlichzukunft\/wp-content\/uploads\/2023\/05\/schwimmende-photovoltaik-ostrach-einweihung-dahlin-2048x1654.jpeg 2048w, https:\/\/www.erdgas-suedwest.de\/natuerlichzukunft\/wp-content\/uploads\/2023\/05\/schwimmende-photovoltaik-ostrach-einweihung-dahlin-446x360.jpeg 446w, https:\/\/www.erdgas-suedwest.de\/natuerlichzukunft\/wp-content\/uploads\/2023\/05\/schwimmende-photovoltaik-ostrach-einweihung-dahlin-854x690.jpeg 854w\" sizes=\"auto, (max-width: 1024px) 100vw, 1024px\" \/><\/a><figcaption class=\"wp-element-caption\">Dr. Johannes Dahlin (Projektleiter Erdgas S\u00fcdwest)<\/figcaption><\/figure>\n\n\n\n<figure class=\"wp-block-image size-large\"><a href=\"https:\/\/www.erdgas-suedwest.de\/natuerlichzukunft\/wp-content\/uploads\/2023\/05\/schwimmende-photovoltaik-ostrach-einweihung-buerkle.jpeg\"><img loading=\"lazy\" decoding=\"async\" width=\"1024\" height=\"904\" data-id=\"9661\" src=\"https:\/\/www.erdgas-suedwest.de\/natuerlichzukunft\/wp-content\/uploads\/2023\/05\/schwimmende-photovoltaik-ostrach-einweihung-buerkle-1024x904.jpeg\" alt=\"Offizielle Einweihung der schwimmende Photovoltaikanlage in Ostrach - B\u00fcrkle\" class=\"wp-image-9661\" srcset=\"https:\/\/www.erdgas-suedwest.de\/natuerlichzukunft\/wp-content\/uploads\/2023\/05\/schwimmende-photovoltaik-ostrach-einweihung-buerkle-1024x904.jpeg 1024w, https:\/\/www.erdgas-suedwest.de\/natuerlichzukunft\/wp-content\/uploads\/2023\/05\/schwimmende-photovoltaik-ostrach-einweihung-buerkle-300x265.jpeg 300w, https:\/\/www.erdgas-suedwest.de\/natuerlichzukunft\/wp-content\/uploads\/2023\/05\/schwimmende-photovoltaik-ostrach-einweihung-buerkle-768x678.jpeg 768w, https:\/\/www.erdgas-suedwest.de\/natuerlichzukunft\/wp-content\/uploads\/2023\/05\/schwimmende-photovoltaik-ostrach-einweihung-buerkle-1536x1356.jpeg 1536w, https:\/\/www.erdgas-suedwest.de\/natuerlichzukunft\/wp-content\/uploads\/2023\/05\/schwimmende-photovoltaik-ostrach-einweihung-buerkle-2048x1808.jpeg 2048w, https:\/\/www.erdgas-suedwest.de\/natuerlichzukunft\/wp-content\/uploads\/2023\/05\/schwimmende-photovoltaik-ostrach-einweihung-buerkle-408x360.jpeg 408w, https:\/\/www.erdgas-suedwest.de\/natuerlichzukunft\/wp-content\/uploads\/2023\/05\/schwimmende-photovoltaik-ostrach-einweihung-buerkle-782x690.jpeg 782w\" sizes=\"auto, (max-width: 1024px) 100vw, 1024px\" \/><\/a><figcaption class=\"wp-element-caption\">Stefanie B\u00fcrkle (Landr\u00e4tin Sigmaringen)<\/figcaption><\/figure>\n\n\n\n<figure class=\"wp-block-image size-large\"><a href=\"https:\/\/www.erdgas-suedwest.de\/natuerlichzukunft\/wp-content\/uploads\/2023\/05\/schwimmende-photovoltaik-ostrach-einweihung-gaeste.jpeg\"><img loading=\"lazy\" decoding=\"async\" width=\"1024\" height=\"768\" data-id=\"9663\" src=\"https:\/\/www.erdgas-suedwest.de\/natuerlichzukunft\/wp-content\/uploads\/2023\/05\/schwimmende-photovoltaik-ostrach-einweihung-gaeste-1024x768.jpeg\" alt=\"Offizielle Einweihung der schwimmende Photovoltaikanlage in Ostrach - G\u00e4ste\" class=\"wp-image-9663\" srcset=\"https:\/\/www.erdgas-suedwest.de\/natuerlichzukunft\/wp-content\/uploads\/2023\/05\/schwimmende-photovoltaik-ostrach-einweihung-gaeste-1024x768.jpeg 1024w, https:\/\/www.erdgas-suedwest.de\/natuerlichzukunft\/wp-content\/uploads\/2023\/05\/schwimmende-photovoltaik-ostrach-einweihung-gaeste-300x225.jpeg 300w, https:\/\/www.erdgas-suedwest.de\/natuerlichzukunft\/wp-content\/uploads\/2023\/05\/schwimmende-photovoltaik-ostrach-einweihung-gaeste-768x576.jpeg 768w, https:\/\/www.erdgas-suedwest.de\/natuerlichzukunft\/wp-content\/uploads\/2023\/05\/schwimmende-photovoltaik-ostrach-einweihung-gaeste-1536x1152.jpeg 1536w, https:\/\/www.erdgas-suedwest.de\/natuerlichzukunft\/wp-content\/uploads\/2023\/05\/schwimmende-photovoltaik-ostrach-einweihung-gaeste-2048x1536.jpeg 2048w, https:\/\/www.erdgas-suedwest.de\/natuerlichzukunft\/wp-content\/uploads\/2023\/05\/schwimmende-photovoltaik-ostrach-einweihung-gaeste-480x360.jpeg 480w, https:\/\/www.erdgas-suedwest.de\/natuerlichzukunft\/wp-content\/uploads\/2023\/05\/schwimmende-photovoltaik-ostrach-einweihung-gaeste-920x690.jpeg 920w, https:\/\/www.erdgas-suedwest.de\/natuerlichzukunft\/wp-content\/uploads\/2023\/05\/schwimmende-photovoltaik-ostrach-einweihung-gaeste-790x593.jpeg 790w\" sizes=\"auto, (max-width: 1024px) 100vw, 1024px\" \/><\/a><figcaption class=\"wp-element-caption\">Zahlreiche G\u00e4ste sind der Einladung gefolgt.<\/figcaption><\/figure>\n\n\n\n<figure class=\"wp-block-image size-large\"><a href=\"https:\/\/www.erdgas-suedwest.de\/natuerlichzukunft\/wp-content\/uploads\/2023\/05\/schwimmende-photovoltaik-ostrach-einweihung-nn.jpeg\"><img loading=\"lazy\" decoding=\"async\" width=\"1024\" height=\"904\" data-id=\"9667\" src=\"https:\/\/www.erdgas-suedwest.de\/natuerlichzukunft\/wp-content\/uploads\/2023\/05\/schwimmende-photovoltaik-ostrach-einweihung-nn-1024x904.jpeg\" alt=\"Einweihung der Floating-PV-Anlage in Ostrach -\" class=\"wp-image-9667\" srcset=\"https:\/\/www.erdgas-suedwest.de\/natuerlichzukunft\/wp-content\/uploads\/2023\/05\/schwimmende-photovoltaik-ostrach-einweihung-nn-1024x904.jpeg 1024w, https:\/\/www.erdgas-suedwest.de\/natuerlichzukunft\/wp-content\/uploads\/2023\/05\/schwimmende-photovoltaik-ostrach-einweihung-nn-300x265.jpeg 300w, https:\/\/www.erdgas-suedwest.de\/natuerlichzukunft\/wp-content\/uploads\/2023\/05\/schwimmende-photovoltaik-ostrach-einweihung-nn-768x678.jpeg 768w, https:\/\/www.erdgas-suedwest.de\/natuerlichzukunft\/wp-content\/uploads\/2023\/05\/schwimmende-photovoltaik-ostrach-einweihung-nn-1536x1355.jpeg 1536w, https:\/\/www.erdgas-suedwest.de\/natuerlichzukunft\/wp-content\/uploads\/2023\/05\/schwimmende-photovoltaik-ostrach-einweihung-nn-2048x1807.jpeg 2048w, https:\/\/www.erdgas-suedwest.de\/natuerlichzukunft\/wp-content\/uploads\/2023\/05\/schwimmende-photovoltaik-ostrach-einweihung-nn-408x360.jpeg 408w, https:\/\/www.erdgas-suedwest.de\/natuerlichzukunft\/wp-content\/uploads\/2023\/05\/schwimmende-photovoltaik-ostrach-einweihung-nn-782x690.jpeg 782w\" sizes=\"auto, (max-width: 1024px) 100vw, 1024px\" \/><\/a><figcaption class=\"wp-element-caption\">Mitgesellschafter und Beirat Hubert Locher<\/figcaption><\/figure>\n\n\n\n<figure class=\"wp-block-image size-large\"><a href=\"https:\/\/www.erdgas-suedwest.de\/natuerlichzukunft\/wp-content\/uploads\/2023\/05\/schwimmende-photovoltaik-ostrach-einweihung-anlage.jpeg\"><img loading=\"lazy\" decoding=\"async\" width=\"1024\" height=\"768\" data-id=\"9659\" src=\"https:\/\/www.erdgas-suedwest.de\/natuerlichzukunft\/wp-content\/uploads\/2023\/05\/schwimmende-photovoltaik-ostrach-einweihung-anlage-1024x768.jpeg\" alt=\"Floating PV in Ostrach\" class=\"wp-image-9659\" srcset=\"https:\/\/www.erdgas-suedwest.de\/natuerlichzukunft\/wp-content\/uploads\/2023\/05\/schwimmende-photovoltaik-ostrach-einweihung-anlage-1024x768.jpeg 1024w, https:\/\/www.erdgas-suedwest.de\/natuerlichzukunft\/wp-content\/uploads\/2023\/05\/schwimmende-photovoltaik-ostrach-einweihung-anlage-300x225.jpeg 300w, https:\/\/www.erdgas-suedwest.de\/natuerlichzukunft\/wp-content\/uploads\/2023\/05\/schwimmende-photovoltaik-ostrach-einweihung-anlage-768x576.jpeg 768w, https:\/\/www.erdgas-suedwest.de\/natuerlichzukunft\/wp-content\/uploads\/2023\/05\/schwimmende-photovoltaik-ostrach-einweihung-anlage-1536x1152.jpeg 1536w, https:\/\/www.erdgas-suedwest.de\/natuerlichzukunft\/wp-content\/uploads\/2023\/05\/schwimmende-photovoltaik-ostrach-einweihung-anlage-2048x1536.jpeg 2048w, https:\/\/www.erdgas-suedwest.de\/natuerlichzukunft\/wp-content\/uploads\/2023\/05\/schwimmende-photovoltaik-ostrach-einweihung-anlage-480x360.jpeg 480w, https:\/\/www.erdgas-suedwest.de\/natuerlichzukunft\/wp-content\/uploads\/2023\/05\/schwimmende-photovoltaik-ostrach-einweihung-anlage-920x690.jpeg 920w, https:\/\/www.erdgas-suedwest.de\/natuerlichzukunft\/wp-content\/uploads\/2023\/05\/schwimmende-photovoltaik-ostrach-einweihung-anlage-790x593.jpeg 790w\" sizes=\"auto, (max-width: 1024px) 100vw, 1024px\" \/><\/a><figcaption class=\"wp-element-caption\">Floating PV in Ostrach <\/figcaption><\/figure>\n<\/figure>\n","protected":false},"excerpt":{"rendered":"<p>In Baden-W\u00fcrttemberg gibt es etwa 650 Baggerseen, von denen sich laut der Landesanstalt f\u00fcr Umwelt \u00fcber 200 f\u00fcr Floating PV eignen. Diese Solarkraftwerke bieten viele Vorteile. Erdgas S\u00fcdwest hat im Fr\u00fchjahr 2023 im oberschw\u00e4bischen Ostrach ein drittes Projekt dieser Art fertiggestellt. <\/p>\n","protected":false},"author":4,"featured_media":9438,"comment_status":"open","ping_status":"closed","sticky":false,"template":"","format":"standard","meta":{"_acf_changed":false,"rating_form_position":"","rating_results_position":"","mr_structured_data_type":"Organization","footnotes":""},"categories":[8],"tags":[95,85,45,60,16],"class_list":["post-9432","post","type-post","status-publish","format-standard","has-post-thumbnail","hentry","category-gruener-strom","tag-floating-pv","tag-oekostrom","tag-photovoltaik","tag-schwimmendepv","tag-solaranlage"],"acf":[],"yoast_head":"<!-- This site is optimized with the Yoast SEO plugin v27.4 - https:\/\/yoast.com\/product\/yoast-seo-wordpress\/ -->\n<title>Floating PV in Baden-W\u00fcrttemberg: Was macht die Anlage in Ostrach besonders? - nat\u00fcrlichZukunft<\/title>\n<meta name=\"description\" content=\"Die Floating PV auf einem Baggersee im oberschw\u00e4bischen Ostrach zeichnet sich durch eine gro\u00dfe regionale Wertsch\u00f6pfung aus.\" \/>\n<meta name=\"robots\" content=\"index, follow, max-snippet:-1, max-image-preview:large, max-video-preview:-1\" \/>\n<link rel=\"canonical\" href=\"https:\/\/www.erdgas-suedwest.de\/natuerlichzukunft\/schwimmende-photovoltaik-ostrach\/\" \/>\n<meta property=\"og:locale\" content=\"de_DE\" \/>\n<meta property=\"og:type\" content=\"article\" \/>\n<meta property=\"og:title\" content=\"Floating PV in Baden-W\u00fcrttemberg: Was macht die Anlage in Ostrach besonders? - nat\u00fcrlichZukunft\" \/>\n<meta property=\"og:description\" content=\"Die Floating PV auf einem Baggersee im oberschw\u00e4bischen Ostrach zeichnet sich durch eine gro\u00dfe regionale Wertsch\u00f6pfung aus.\" \/>\n<meta property=\"og:url\" content=\"https:\/\/www.erdgas-suedwest.de\/natuerlichzukunft\/schwimmende-photovoltaik-ostrach\/\" \/>\n<meta property=\"og:site_name\" content=\"nat\u00fcrlichZukunft\" \/>\n<meta property=\"article:published_time\" content=\"2023-04-05T08:49:46+00:00\" \/>\n<meta property=\"article:modified_time\" content=\"2025-12-13T09:11:55+00:00\" \/>\n<meta property=\"og:image\" content=\"https:\/\/www.erdgas-suedwest.de\/natuerlichzukunft\/wp-content\/uploads\/2023\/03\/schwimmende-photovolataik-ostrach-1.jpg\" \/>\n\t<meta property=\"og:image:width\" content=\"1440\" \/>\n\t<meta property=\"og:image:height\" content=\"530\" \/>\n\t<meta property=\"og:image:type\" content=\"image\/jpeg\" \/>\n<meta name=\"author\" content=\"Sigmund Staus\" \/>\n<meta name=\"twitter:card\" content=\"summary_large_image\" \/>\n<meta name=\"twitter:label1\" content=\"Verfasst von\" \/>\n\t<meta name=\"twitter:data1\" content=\"Sigmund Staus\" \/>\n\t<meta name=\"twitter:label2\" content=\"Gesch\u00e4tzte Lesezeit\" \/>\n\t<meta name=\"twitter:data2\" content=\"11\u00a0Minuten\" \/>\n<script type=\"application\/ld+json\" class=\"yoast-schema-graph\">{\"@context\":\"https:\\\/\\\/schema.org\",\"@graph\":[{\"@type\":\"Article\",\"@id\":\"https:\\\/\\\/www.erdgas-suedwest.de\\\/natuerlichzukunft\\\/schwimmende-photovoltaik-ostrach\\\/#article\",\"isPartOf\":{\"@id\":\"https:\\\/\\\/www.erdgas-suedwest.de\\\/natuerlichzukunft\\\/schwimmende-photovoltaik-ostrach\\\/\"},\"author\":{\"name\":\"Sigmund Staus\",\"@id\":\"https:\\\/\\\/www.erdgas-suedwest.de\\\/natuerlichzukunft\\\/#\\\/schema\\\/person\\\/c6031b6f4675b6a3432d612a62db9870\"},\"headline\":\"Floating PV in Baden-W\u00fcrttemberg: Was macht die Anlage in Ostrach besonders?\",\"datePublished\":\"2023-04-05T08:49:46+00:00\",\"dateModified\":\"2025-12-13T09:11:55+00:00\",\"mainEntityOfPage\":{\"@id\":\"https:\\\/\\\/www.erdgas-suedwest.de\\\/natuerlichzukunft\\\/schwimmende-photovoltaik-ostrach\\\/\"},\"wordCount\":1361,\"commentCount\":0,\"publisher\":{\"@id\":\"https:\\\/\\\/www.erdgas-suedwest.de\\\/natuerlichzukunft\\\/#organization\"},\"image\":{\"@id\":\"https:\\\/\\\/www.erdgas-suedwest.de\\\/natuerlichzukunft\\\/schwimmende-photovoltaik-ostrach\\\/#primaryimage\"},\"thumbnailUrl\":\"https:\\\/\\\/www.erdgas-suedwest.de\\\/natuerlichzukunft\\\/wp-content\\\/uploads\\\/2023\\\/03\\\/schwimmende-photovolataik-ostrach-1.jpg\",\"keywords\":[\"Floating PV\",\"\u00d6kostrom\",\"Photovoltaik\",\"SchwimmendePV\",\"Solaranlage\"],\"articleSection\":[\"Gr\u00fcner Strom\"],\"inLanguage\":\"de\",\"potentialAction\":[{\"@type\":\"CommentAction\",\"name\":\"Comment\",\"target\":[\"https:\\\/\\\/www.erdgas-suedwest.de\\\/natuerlichzukunft\\\/schwimmende-photovoltaik-ostrach\\\/#respond\"]}]},{\"@type\":\"WebPage\",\"@id\":\"https:\\\/\\\/www.erdgas-suedwest.de\\\/natuerlichzukunft\\\/schwimmende-photovoltaik-ostrach\\\/\",\"url\":\"https:\\\/\\\/www.erdgas-suedwest.de\\\/natuerlichzukunft\\\/schwimmende-photovoltaik-ostrach\\\/\",\"name\":\"Floating PV in Baden-W\u00fcrttemberg: Was macht die Anlage in Ostrach besonders? - nat\u00fcrlichZukunft\",\"isPartOf\":{\"@id\":\"https:\\\/\\\/www.erdgas-suedwest.de\\\/natuerlichzukunft\\\/#website\"},\"primaryImageOfPage\":{\"@id\":\"https:\\\/\\\/www.erdgas-suedwest.de\\\/natuerlichzukunft\\\/schwimmende-photovoltaik-ostrach\\\/#primaryimage\"},\"image\":{\"@id\":\"https:\\\/\\\/www.erdgas-suedwest.de\\\/natuerlichzukunft\\\/schwimmende-photovoltaik-ostrach\\\/#primaryimage\"},\"thumbnailUrl\":\"https:\\\/\\\/www.erdgas-suedwest.de\\\/natuerlichzukunft\\\/wp-content\\\/uploads\\\/2023\\\/03\\\/schwimmende-photovolataik-ostrach-1.jpg\",\"datePublished\":\"2023-04-05T08:49:46+00:00\",\"dateModified\":\"2025-12-13T09:11:55+00:00\",\"description\":\"Die Floating PV auf einem Baggersee im oberschw\u00e4bischen Ostrach zeichnet sich durch eine gro\u00dfe regionale Wertsch\u00f6pfung aus.\",\"breadcrumb\":{\"@id\":\"https:\\\/\\\/www.erdgas-suedwest.de\\\/natuerlichzukunft\\\/schwimmende-photovoltaik-ostrach\\\/#breadcrumb\"},\"inLanguage\":\"de\",\"potentialAction\":[{\"@type\":\"ReadAction\",\"target\":[\"https:\\\/\\\/www.erdgas-suedwest.de\\\/natuerlichzukunft\\\/schwimmende-photovoltaik-ostrach\\\/\"]}]},{\"@type\":\"ImageObject\",\"inLanguage\":\"de\",\"@id\":\"https:\\\/\\\/www.erdgas-suedwest.de\\\/natuerlichzukunft\\\/schwimmende-photovoltaik-ostrach\\\/#primaryimage\",\"url\":\"https:\\\/\\\/www.erdgas-suedwest.de\\\/natuerlichzukunft\\\/wp-content\\\/uploads\\\/2023\\\/03\\\/schwimmende-photovolataik-ostrach-1.jpg\",\"contentUrl\":\"https:\\\/\\\/www.erdgas-suedwest.de\\\/natuerlichzukunft\\\/wp-content\\\/uploads\\\/2023\\\/03\\\/schwimmende-photovolataik-ostrach-1.jpg\",\"width\":1440,\"height\":530,\"caption\":\"Schwimmende Photovoltaikanlage von Erdgas S\u00fcdwest auf einem Baggersee des Kieswerkes Zimmerman in Ostrach\"},{\"@type\":\"BreadcrumbList\",\"@id\":\"https:\\\/\\\/www.erdgas-suedwest.de\\\/natuerlichzukunft\\\/schwimmende-photovoltaik-ostrach\\\/#breadcrumb\",\"itemListElement\":[{\"@type\":\"ListItem\",\"position\":1,\"name\":\"Home\",\"item\":\"https:\\\/\\\/www.erdgas-suedwest.de\\\/natuerlichzukunft\\\/\"},{\"@type\":\"ListItem\",\"position\":2,\"name\":\"Floating PV in Baden-W\u00fcrttemberg: Was macht die Anlage in Ostrach besonders?\"}]},{\"@type\":\"WebSite\",\"@id\":\"https:\\\/\\\/www.erdgas-suedwest.de\\\/natuerlichzukunft\\\/#website\",\"url\":\"https:\\\/\\\/www.erdgas-suedwest.de\\\/natuerlichzukunft\\\/\",\"name\":\"nat\u00fcrlichZukunft\",\"description\":\"so geht \u00f6kologische Energie\",\"publisher\":{\"@id\":\"https:\\\/\\\/www.erdgas-suedwest.de\\\/natuerlichzukunft\\\/#organization\"},\"potentialAction\":[{\"@type\":\"SearchAction\",\"target\":{\"@type\":\"EntryPoint\",\"urlTemplate\":\"https:\\\/\\\/www.erdgas-suedwest.de\\\/natuerlichzukunft\\\/?s={search_term_string}\"},\"query-input\":{\"@type\":\"PropertyValueSpecification\",\"valueRequired\":true,\"valueName\":\"search_term_string\"}}],\"inLanguage\":\"de\"},{\"@type\":\"Organization\",\"@id\":\"https:\\\/\\\/www.erdgas-suedwest.de\\\/natuerlichzukunft\\\/#organization\",\"name\":\"nat\u00fcrlichZukunft\",\"url\":\"https:\\\/\\\/www.erdgas-suedwest.de\\\/natuerlichzukunft\\\/\",\"logo\":{\"@type\":\"ImageObject\",\"inLanguage\":\"de\",\"@id\":\"https:\\\/\\\/www.erdgas-suedwest.de\\\/natuerlichzukunft\\\/#\\\/schema\\\/logo\\\/image\\\/\",\"url\":\"https:\\\/\\\/www.erdgas-suedwest.de\\\/natuerlichzukunft\\\/wp-content\\\/uploads\\\/2024\\\/04\\\/natuerlichZukunft_Schriftzug.png\",\"contentUrl\":\"https:\\\/\\\/www.erdgas-suedwest.de\\\/natuerlichzukunft\\\/wp-content\\\/uploads\\\/2024\\\/04\\\/natuerlichZukunft_Schriftzug.png\",\"width\":520,\"height\":107,\"caption\":\"nat\u00fcrlichZukunft\"},\"image\":{\"@id\":\"https:\\\/\\\/www.erdgas-suedwest.de\\\/natuerlichzukunft\\\/#\\\/schema\\\/logo\\\/image\\\/\"}},{\"@type\":\"Person\",\"@id\":\"https:\\\/\\\/www.erdgas-suedwest.de\\\/natuerlichzukunft\\\/#\\\/schema\\\/person\\\/c6031b6f4675b6a3432d612a62db9870\",\"name\":\"Sigmund Staus\",\"url\":\"https:\\\/\\\/www.erdgas-suedwest.de\\\/natuerlichzukunft\\\/author\\\/sigmundstaus\\\/\"}]}<\/script>\n<!-- \/ Yoast SEO plugin. -->","yoast_head_json":{"title":"Floating PV in Baden-W\u00fcrttemberg: Was macht die Anlage in Ostrach besonders? - nat\u00fcrlichZukunft","description":"Die Floating PV auf einem Baggersee im oberschw\u00e4bischen Ostrach zeichnet sich durch eine gro\u00dfe regionale Wertsch\u00f6pfung aus.","robots":{"index":"index","follow":"follow","max-snippet":"max-snippet:-1","max-image-preview":"max-image-preview:large","max-video-preview":"max-video-preview:-1"},"canonical":"https:\/\/www.erdgas-suedwest.de\/natuerlichzukunft\/schwimmende-photovoltaik-ostrach\/","og_locale":"de_DE","og_type":"article","og_title":"Floating PV in Baden-W\u00fcrttemberg: Was macht die Anlage in Ostrach besonders? - nat\u00fcrlichZukunft","og_description":"Die Floating PV auf einem Baggersee im oberschw\u00e4bischen Ostrach zeichnet sich durch eine gro\u00dfe regionale Wertsch\u00f6pfung aus.","og_url":"https:\/\/www.erdgas-suedwest.de\/natuerlichzukunft\/schwimmende-photovoltaik-ostrach\/","og_site_name":"nat\u00fcrlichZukunft","article_published_time":"2023-04-05T08:49:46+00:00","article_modified_time":"2025-12-13T09:11:55+00:00","og_image":[{"width":1440,"height":530,"url":"https:\/\/www.erdgas-suedwest.de\/natuerlichzukunft\/wp-content\/uploads\/2023\/03\/schwimmende-photovolataik-ostrach-1.jpg","type":"image\/jpeg"}],"author":"Sigmund Staus","twitter_card":"summary_large_image","twitter_misc":{"Verfasst von":"Sigmund Staus","Gesch\u00e4tzte Lesezeit":"11\u00a0Minuten"},"schema":{"@context":"https:\/\/schema.org","@graph":[{"@type":"Article","@id":"https:\/\/www.erdgas-suedwest.de\/natuerlichzukunft\/schwimmende-photovoltaik-ostrach\/#article","isPartOf":{"@id":"https:\/\/www.erdgas-suedwest.de\/natuerlichzukunft\/schwimmende-photovoltaik-ostrach\/"},"author":{"name":"Sigmund Staus","@id":"https:\/\/www.erdgas-suedwest.de\/natuerlichzukunft\/#\/schema\/person\/c6031b6f4675b6a3432d612a62db9870"},"headline":"Floating PV in Baden-W\u00fcrttemberg: Was macht die Anlage in Ostrach besonders?","datePublished":"2023-04-05T08:49:46+00:00","dateModified":"2025-12-13T09:11:55+00:00","mainEntityOfPage":{"@id":"https:\/\/www.erdgas-suedwest.de\/natuerlichzukunft\/schwimmende-photovoltaik-ostrach\/"},"wordCount":1361,"commentCount":0,"publisher":{"@id":"https:\/\/www.erdgas-suedwest.de\/natuerlichzukunft\/#organization"},"image":{"@id":"https:\/\/www.erdgas-suedwest.de\/natuerlichzukunft\/schwimmende-photovoltaik-ostrach\/#primaryimage"},"thumbnailUrl":"https:\/\/www.erdgas-suedwest.de\/natuerlichzukunft\/wp-content\/uploads\/2023\/03\/schwimmende-photovolataik-ostrach-1.jpg","keywords":["Floating PV","\u00d6kostrom","Photovoltaik","SchwimmendePV","Solaranlage"],"articleSection":["Gr\u00fcner Strom"],"inLanguage":"de","potentialAction":[{"@type":"CommentAction","name":"Comment","target":["https:\/\/www.erdgas-suedwest.de\/natuerlichzukunft\/schwimmende-photovoltaik-ostrach\/#respond"]}]},{"@type":"WebPage","@id":"https:\/\/www.erdgas-suedwest.de\/natuerlichzukunft\/schwimmende-photovoltaik-ostrach\/","url":"https:\/\/www.erdgas-suedwest.de\/natuerlichzukunft\/schwimmende-photovoltaik-ostrach\/","name":"Floating PV in Baden-W\u00fcrttemberg: Was macht die Anlage in Ostrach besonders? - nat\u00fcrlichZukunft","isPartOf":{"@id":"https:\/\/www.erdgas-suedwest.de\/natuerlichzukunft\/#website"},"primaryImageOfPage":{"@id":"https:\/\/www.erdgas-suedwest.de\/natuerlichzukunft\/schwimmende-photovoltaik-ostrach\/#primaryimage"},"image":{"@id":"https:\/\/www.erdgas-suedwest.de\/natuerlichzukunft\/schwimmende-photovoltaik-ostrach\/#primaryimage"},"thumbnailUrl":"https:\/\/www.erdgas-suedwest.de\/natuerlichzukunft\/wp-content\/uploads\/2023\/03\/schwimmende-photovolataik-ostrach-1.jpg","datePublished":"2023-04-05T08:49:46+00:00","dateModified":"2025-12-13T09:11:55+00:00","description":"Die Floating PV auf einem Baggersee im oberschw\u00e4bischen Ostrach zeichnet sich durch eine gro\u00dfe regionale Wertsch\u00f6pfung aus.","breadcrumb":{"@id":"https:\/\/www.erdgas-suedwest.de\/natuerlichzukunft\/schwimmende-photovoltaik-ostrach\/#breadcrumb"},"inLanguage":"de","potentialAction":[{"@type":"ReadAction","target":["https:\/\/www.erdgas-suedwest.de\/natuerlichzukunft\/schwimmende-photovoltaik-ostrach\/"]}]},{"@type":"ImageObject","inLanguage":"de","@id":"https:\/\/www.erdgas-suedwest.de\/natuerlichzukunft\/schwimmende-photovoltaik-ostrach\/#primaryimage","url":"https:\/\/www.erdgas-suedwest.de\/natuerlichzukunft\/wp-content\/uploads\/2023\/03\/schwimmende-photovolataik-ostrach-1.jpg","contentUrl":"https:\/\/www.erdgas-suedwest.de\/natuerlichzukunft\/wp-content\/uploads\/2023\/03\/schwimmende-photovolataik-ostrach-1.jpg","width":1440,"height":530,"caption":"Schwimmende Photovoltaikanlage von Erdgas S\u00fcdwest auf einem Baggersee des Kieswerkes Zimmerman in Ostrach"},{"@type":"BreadcrumbList","@id":"https:\/\/www.erdgas-suedwest.de\/natuerlichzukunft\/schwimmende-photovoltaik-ostrach\/#breadcrumb","itemListElement":[{"@type":"ListItem","position":1,"name":"Home","item":"https:\/\/www.erdgas-suedwest.de\/natuerlichzukunft\/"},{"@type":"ListItem","position":2,"name":"Floating PV in Baden-W\u00fcrttemberg: Was macht die Anlage in Ostrach besonders?"}]},{"@type":"WebSite","@id":"https:\/\/www.erdgas-suedwest.de\/natuerlichzukunft\/#website","url":"https:\/\/www.erdgas-suedwest.de\/natuerlichzukunft\/","name":"nat\u00fcrlichZukunft","description":"so geht \u00f6kologische Energie","publisher":{"@id":"https:\/\/www.erdgas-suedwest.de\/natuerlichzukunft\/#organization"},"potentialAction":[{"@type":"SearchAction","target":{"@type":"EntryPoint","urlTemplate":"https:\/\/www.erdgas-suedwest.de\/natuerlichzukunft\/?s={search_term_string}"},"query-input":{"@type":"PropertyValueSpecification","valueRequired":true,"valueName":"search_term_string"}}],"inLanguage":"de"},{"@type":"Organization","@id":"https:\/\/www.erdgas-suedwest.de\/natuerlichzukunft\/#organization","name":"nat\u00fcrlichZukunft","url":"https:\/\/www.erdgas-suedwest.de\/natuerlichzukunft\/","logo":{"@type":"ImageObject","inLanguage":"de","@id":"https:\/\/www.erdgas-suedwest.de\/natuerlichzukunft\/#\/schema\/logo\/image\/","url":"https:\/\/www.erdgas-suedwest.de\/natuerlichzukunft\/wp-content\/uploads\/2024\/04\/natuerlichZukunft_Schriftzug.png","contentUrl":"https:\/\/www.erdgas-suedwest.de\/natuerlichzukunft\/wp-content\/uploads\/2024\/04\/natuerlichZukunft_Schriftzug.png","width":520,"height":107,"caption":"nat\u00fcrlichZukunft"},"image":{"@id":"https:\/\/www.erdgas-suedwest.de\/natuerlichzukunft\/#\/schema\/logo\/image\/"}},{"@type":"Person","@id":"https:\/\/www.erdgas-suedwest.de\/natuerlichzukunft\/#\/schema\/person\/c6031b6f4675b6a3432d612a62db9870","name":"Sigmund Staus","url":"https:\/\/www.erdgas-suedwest.de\/natuerlichzukunft\/author\/sigmundstaus\/"}]}},"multi-rating":{"mr_rating_results":[{"adjusted_star_result":4.89,"star_result":4.89,"total_max_option_value":5,"adjusted_score_result":4.89,"score_result":4.89,"percentage_result":97.78,"adjusted_percentage_result":97.78,"count":18,"post_id":9432}]},"_links":{"self":[{"href":"https:\/\/www.erdgas-suedwest.de\/natuerlichzukunft\/wp-json\/wp\/v2\/posts\/9432","targetHints":{"allow":["GET"]}}],"collection":[{"href":"https:\/\/www.erdgas-suedwest.de\/natuerlichzukunft\/wp-json\/wp\/v2\/posts"}],"about":[{"href":"https:\/\/www.erdgas-suedwest.de\/natuerlichzukunft\/wp-json\/wp\/v2\/types\/post"}],"author":[{"embeddable":true,"href":"https:\/\/www.erdgas-suedwest.de\/natuerlichzukunft\/wp-json\/wp\/v2\/users\/4"}],"replies":[{"embeddable":true,"href":"https:\/\/www.erdgas-suedwest.de\/natuerlichzukunft\/wp-json\/wp\/v2\/comments?post=9432"}],"version-history":[{"count":36,"href":"https:\/\/www.erdgas-suedwest.de\/natuerlichzukunft\/wp-json\/wp\/v2\/posts\/9432\/revisions"}],"predecessor-version":[{"id":15423,"href":"https:\/\/www.erdgas-suedwest.de\/natuerlichzukunft\/wp-json\/wp\/v2\/posts\/9432\/revisions\/15423"}],"wp:featuredmedia":[{"embeddable":true,"href":"https:\/\/www.erdgas-suedwest.de\/natuerlichzukunft\/wp-json\/wp\/v2\/media\/9438"}],"wp:attachment":[{"href":"https:\/\/www.erdgas-suedwest.de\/natuerlichzukunft\/wp-json\/wp\/v2\/media?parent=9432"}],"wp:term":[{"taxonomy":"category","embeddable":true,"href":"https:\/\/www.erdgas-suedwest.de\/natuerlichzukunft\/wp-json\/wp\/v2\/categories?post=9432"},{"taxonomy":"post_tag","embeddable":true,"href":"https:\/\/www.erdgas-suedwest.de\/natuerlichzukunft\/wp-json\/wp\/v2\/tags?post=9432"}],"curies":[{"name":"wp","href":"https:\/\/api.w.org\/{rel}","templated":true}]}}