{"id":10066,"date":"2023-07-26T10:38:42","date_gmt":"2023-07-26T08:38:42","guid":{"rendered":"https:\/\/www.erdgas-suedwest.de\/natuerlichzukunft\/?p=10066"},"modified":"2025-12-13T10:07:36","modified_gmt":"2025-12-13T09:07:36","slug":"interview-balkonkraftwerk-experte","status":"publish","type":"post","link":"https:\/\/www.erdgas-suedwest.de\/natuerlichzukunft\/interview-balkonkraftwerk-experte\/","title":{"rendered":"Experte im Interview: Wieso der Markt f\u00fcr Balkonkraftwerke dynamisch w\u00e4chst"},"content":{"rendered":"\n<p>Immer mehr Menschen interessieren sich f\u00fcr sogenannte Balkonkraftwerke. Diese kleinen, <strong>steckerfertigen Solaranlagen<\/strong> werden am Balkon, der Terrasse oder im eigenen Garten&nbsp;befestigt und mit ein paar Handgriffen an das eigene Stromnetz angeschlossen.&nbsp;<\/p>\n\n\n\n<p>Wir haben uns mit Michael Wachter dar\u00fcber unterhalten, warum der Markt f\u00fcr Balkon-PV boomt. Michael Wachter ist Maschinenbauingenieur und Technischer Manager sowie stellvertretende Gesch\u00e4ftsf\u00fchrer von <a href=\"https:\/\/pluginenergy.de\" target=\"_blank\" rel=\"noreferrer noopener nofollow\">PluginEnergy<\/a>. Das Unternehmen aus Glatten im Schwarzwald vertreibt PV-Anlagen in verschiedenen Gr\u00f6\u00dfen und Leistungsst\u00e4rken.<\/p>\n\n\n\n<h2 class=\"wp-block-heading\"><strong>&#8222;Die Nachfrage nach Balkonkraftwerken bewegt sich weiter auf einem hohen Niveau.\u201c<\/strong><\/h2>\n\n\n\n<p><\/p>\n\n\n\n<p><strong>nat\u00fcrlichZukunft:<\/strong> <em>Herr Wachter, Sie sind seit \u00fcber zwei Jahren in Ihrem Unternehmen t\u00e4tig und besch\u00e4ftigen sich mit dem Vertrieb kleiner, steckerfertiger Solaranlagen, die man an der Balkonbr\u00fcstung befestigt. Der Markt f\u00fcr diese Art der Solarmodule entwickelt sich gerade sehr dynamisch. Wie stellt sich das aus Ihrer Sicht dar?<\/em><\/p>\n\n\n\n<p><strong>Michael Wachter:<\/strong> Grunds\u00e4tzlich ist die <strong>Nachfrage<\/strong> nach Balkonsolaranlagen in den letzten Jahren definitiv kontinuierlich gestiegen. Letztes Jahr haben wir auf Grund der Energiekrise einen massiven Boom erlebt.&nbsp;<\/p>\n\n\n\n<p>Aktuell hat sich die Krise etwas beruhigt und daher ist auch die Nachfrage wieder etwas zur\u00fcckgegangen. Sie bewegt sich aber weiterhin auf einem sehr hohen Niveau. Das h\u00e4ngt meines Erachtens damit zusammen, dass diese Technologie w\u00e4hrend der <strong>Energiekrise<\/strong> erst so richtig bekannt geworden ist.<\/p>\n\n\n\n<div class=\"wp-block-columns is-layout-flex wp-container-core-columns-is-layout-28f84493 wp-block-columns-is-layout-flex\">\n<div class=\"wp-block-column is-layout-flow wp-block-column-is-layout-flow\">\n<p><strong>nat\u00fcrlichZukunft:<\/strong> <em>K\u00f6nnte eine Ursache daf\u00fcr sein, dass inzwischen auch Discounter solche Produkte anbieten, die nat\u00fcrlich \u00fcber ihr gro\u00df angelegtes Marketing breiteste Schichten der Bev\u00f6lkerung erreichen?<\/em><\/p>\n\n\n\n<p><strong>Michael Wachter:<\/strong> Davon kann man ziemlich sicher ausgehen. Inzwischen sind einige Discounter oder Anbieter ganz neu in den Markt eingetreten, auch aus Bereichen, die traditionell bisher nichts mit Photovoltaik zu tun hatten.&nbsp;<\/p>\n\n\n\n<p><\/p>\n<\/div>\n\n\n\n<div class=\"wp-block-column is-layout-flow wp-block-column-is-layout-flow\">\n<figure class=\"wp-block-image size-large\"><img loading=\"lazy\" decoding=\"async\" width=\"1024\" height=\"1024\" src=\"https:\/\/www.erdgas-suedwest.de\/natuerlichzukunft\/wp-content\/uploads\/2023\/07\/interview-balkonkraftwerk-portraet-wachter-1024x1024.jpg\" alt=\"Portr\u00e4tfoto Michael Wachter Mitarbeiter Pluginenergy Vertrieb Balkonkraftwerke\" class=\"wp-image-10140\" srcset=\"https:\/\/www.erdgas-suedwest.de\/natuerlichzukunft\/wp-content\/uploads\/2023\/07\/interview-balkonkraftwerk-portraet-wachter-1024x1024.jpg 1024w, https:\/\/www.erdgas-suedwest.de\/natuerlichzukunft\/wp-content\/uploads\/2023\/07\/interview-balkonkraftwerk-portraet-wachter-300x300.jpg 300w, https:\/\/www.erdgas-suedwest.de\/natuerlichzukunft\/wp-content\/uploads\/2023\/07\/interview-balkonkraftwerk-portraet-wachter-150x150.jpg 150w, https:\/\/www.erdgas-suedwest.de\/natuerlichzukunft\/wp-content\/uploads\/2023\/07\/interview-balkonkraftwerk-portraet-wachter-768x768.jpg 768w, https:\/\/www.erdgas-suedwest.de\/natuerlichzukunft\/wp-content\/uploads\/2023\/07\/interview-balkonkraftwerk-portraet-wachter-360x360.jpg 360w, https:\/\/www.erdgas-suedwest.de\/natuerlichzukunft\/wp-content\/uploads\/2023\/07\/interview-balkonkraftwerk-portraet-wachter-690x690.jpg 690w, https:\/\/www.erdgas-suedwest.de\/natuerlichzukunft\/wp-content\/uploads\/2023\/07\/interview-balkonkraftwerk-portraet-wachter.jpg 1200w\" sizes=\"auto, (max-width: 1024px) 100vw, 1024px\" \/><figcaption class=\"wp-element-caption\">Michael Wachter ist Maschinenbauingenieur und Technischer Manager bei dem Unternehmen Pluginenergy, das Balkonkraftwerke anbietet.<\/figcaption><\/figure>\n<\/div>\n<\/div>\n\n\n\n<p><\/p>\n\n\n\n<p>Wir sagen allerdings immer, man sollte die Augen und Ohren nach dem passenden Produkt offenhalten. Ganz viele dieser Angebote werden mit Kunststoffkonstruktionen angeboten. Das sieht auf den ersten Blick gut aus, funktioniert auch 1 oder 2 Jahre. Die Qualit\u00e4t bei Optik und Leistung kann dann aber stark nachlassen.<\/p>\n\n\n\n<p>Neben der Qualit\u00e4t ist f\u00fcr uns allerdings der <strong>Serviceaspekt<\/strong> mitentscheidend. Die Kund*innen sollten die M\u00f6glichkeit haben, nach dem Kauf auf einen Support zuzugreifen. Darauf legen wir in unserem Unternehmen gro\u00dfen Wert. Wir erhalten auch viele Fragen von den Bestellern unserer Anlagen.&nbsp;<\/p>\n\n\n\n<h2 class=\"wp-block-heading\"><strong>\u201eEs gibt eine nachvollziehbare Verunsicherung bei den Kunden.\u201c<\/strong><\/h2>\n\n\n\n<p><\/p>\n\n\n\n<div class=\"responsive-two-columns\">\n\t<div class=\"c1\">\n\t\t<a href=\"https:\/\/fe80f428.sibforms.com\/serve\/MUIFABR3hpuc1vpt0w-IPH_uOitfgWcGlGJtCXfntQqOyOfzBrOsyxwvTcBp0A3PH3iFLHg9TJuhwaGNjwRNDHy0GB3KAqkKSuVYnDaR0r516SKNCtTOpiyorFgFtQMOqp_dAkRyrY1N4QKX2qWWaUuYkpjMWacmKwJwoJsoc6-c5XCZJEa4j5vpmA-Gnw8ayOWjMBGRfM5n-HjB\" target=\"_blank\" rel=\"noopener\">\n\t\t\t<img decoding=\"async\" src=\"https:\/\/www.erdgas-suedwest.de\/natuerlichzukunft\/wp-content\/uploads\/2024\/09\/Bild-4-e1727445467500.png\" alt=\"nat\u00fcrlichZukunft Newsletter\" \/>\n\t\t<\/a>\n\t<\/div>\n\t<div class=\"c2\">\n\t\t<h3>Nichts verpassen mit dem nat\u00fcrlichZukunft Newsletter<\/h3>\n\t\t<p>Neue Blogartikel rund um Heizen, Photovoltaik und \u00f6kologische Energie gibt es hier.<\/p>\n\t\t<a href=\"https:\/\/fe80f428.sibforms.com\/serve\/MUIFABR3hpuc1vpt0w-IPH_uOitfgWcGlGJtCXfntQqOyOfzBrOsyxwvTcBp0A3PH3iFLHg9TJuhwaGNjwRNDHy0GB3KAqkKSuVYnDaR0r516SKNCtTOpiyorFgFtQMOqp_dAkRyrY1N4QKX2qWWaUuYkpjMWacmKwJwoJsoc6-c5XCZJEa4j5vpmA-Gnw8ayOWjMBGRfM5n-HjB\" target=\"_blank\" class=\"button\" rel=\"noopener\">Jetzt Newsletter abonnieren<\/a>\n\t<\/div>\n<\/div>\n\n\n\n<p><\/p>\n\n\n\n<p><strong>nat\u00fcrlichZukunft:<\/strong> <em>Offenbar existiert in Bezug auf Balkonkraftwerke noch viel Verunsicherung bei der potenziellen Kundschaft. Welche Fragen stehen bei Ihnen im Vordergrund?<\/em><\/p>\n\n\n\n<p><strong>Michael Wachter:<\/strong> Es gibt viel und gut nachvollziehbare Verunsicherung. Das leidigste Thema ist tats\u00e4chlich die Frage nach den <strong>rechtlichen Rahmenbedingungen<\/strong> f\u00fcr den Betrieb dieser Anlagen in Deutschland. Alles andere ist transparent geregelt.&nbsp;<\/p>\n\n\n\n<p>Denn man muss unterscheiden, zwischen dem, was gefordert ist, und dem, was letztlich nur der Wunsch oder die Empfehlung eines Vereins wie des VDE&nbsp;<sup>(1)<\/sup> ist, der sich oft als eine Art Gesetzgeber versteht. Das stiftet sehr viel Verwirrung.<\/p>\n\n\n\n<p>Ein Beispiel ist das Thema des Steckers, also ob <strong>Schuko- oder Wielandstecker<\/strong> vorgeschrieben ist, um die Anlage mit dem Stromnetz zu verbinden. Das ist das am meisten diskutierte Thema.&nbsp;<\/p>\n\n\n\n<p>Dabei kann man festhalten: Der Schukostecker ist zu 100 % zugelassen. Er erf\u00fcllt alle notwendigen Kriterien. Es flie\u00dfen nur maximal 600 Watt \u00fcber diese Kontakte. Nichtsdestotrotz ist es weiterhin Vorgabe des VDE, den Wieland- bzw. den Energieeinspeisestecker zu verwenden.&nbsp;<\/p>\n\n\n\n<p>Also: Beide Systeme sind absolut sicher und gesetzeskonform. Wenn man VDE-konform sein m\u00f6chte, dann kommt der Wielandstecker zum Einsatz.<\/p>\n\n\n\n<p>Das 2. Thema, das h\u00e4ufig im Kundenservice abgefragt wird, betrifft die <strong>Anmeldung<\/strong> der Anlage. Die Anmeldung im <a href=\"https:\/\/www.erdgas-suedwest.de\/natuerlichzukunft\/glossar\/marktstammdatenregister\/\">Marktstammdatenregister<\/a> ist verpflichtend. Die Anmeldung beim Energieversorger wiederum ist gesetzlich nicht vorgeschrieben.&nbsp;<\/p>\n\n\n\n<p>Wir empfehlen das aber dennoch. Es ist in wenigen Minuten erledigt und vervollst\u00e4ndigt das Ganze irgendwie. In der Vergangenheit gab es immer mal wieder Energieversorger, die sich quer stellen wollten. In der Regel funktioniert das aber.<\/p>\n\n\n\n<p><strong>nat\u00fcrlichZukunft:<\/strong> <em>Und die Installation selbst ist wirklich so einfach, wie die Anbieter von Balkon-PV versprechen?<\/em><\/p>\n\n\n\n<p><strong>Michael Wachter:<\/strong> Tats\u00e4chlich erhalten wir nur sehr wenige Anfragen in Bezug auf die <strong>Installation<\/strong> und die Inbetriebnahme. Das Zusammenschalten von Modul, Wechselrichter und Stromkabel ist selbsterkl\u00e4rend und macht kaum Probleme. Ich habe neulich erst selbst mal wieder bei meinem Schwiegervater eine Anlage aufgebaut und das Ganze war in 20 Minuten erledigt.<\/p>\n\n\n\n<h2 class=\"wp-block-heading\"><strong>\u201eDass Vermieter die Installation eines Balkonkraftwerkes ablehnen, ist eher selten.\u201c<\/strong><\/h2>\n\n\n\n<p><\/p>\n\n\n\n<p><strong>nat\u00fcrlichZukunft:<\/strong> <em>Ein weiteres Hindernis scheint die aktuell noch geltende Zustimmungspflicht von Vermietern bzw. Miteigent\u00fcmern in Wohneigent\u00fcmergemeinschaften zu sein. Stellen Sie das auch fest?<\/em><\/p>\n\n\n\n<p><strong>Michael Wachter:<\/strong> Ja, das kommt hin und wieder noch vor. Bem\u00e4ngelt wird manchmal, dass die Optik der Geb\u00e4udefassade durch die spiegelnden Fl\u00e4chen gest\u00f6rt wird. Dem setzen wir eines unserer Produkte entgegen. Das ist sehr leicht und mit 3 mm sehr d\u00fcnn. Die Gr\u00f6\u00dfe ist ziemlich genau auf die \u00fcbliche H\u00f6he der Balkonbr\u00fcstungen abgestimmt.&nbsp;<\/p>\n\n\n\n<p>Zuletzt ist das ganze Modul komplett schwarz und spiegelt nicht. Das geht unserer Meinung nach auch als Sichtschutz durch. Damit kann seitens der vermietenden Person bzw. der WEG nicht angekreidet werden, dass die Optik des Hauses gest\u00f6rt w\u00e4re.&nbsp;<\/p>\n\n\n\n<p>Auf unserer Website bieten wir zudem ein Formular zum Download an, mit dem Kunden ihre Vermieter entsprechend informieren k\u00f6nnen. In der Regel funktioniert das reibungslos. Tats\u00e4chlich ist es selten, dass <strong>Vermieter<\/strong> das Anbringen einer unserer Anlagen ablehnen.<\/p>\n\n\n\n<p><strong>nat\u00fcrlichZukunft:<\/strong> <em>Ein weiteres Thema scheint oft die Frage nach dem <a href=\"https:\/\/www.erdgas-suedwest.de\/natuerlichzukunft\/glossar\/stromzaehler\/\">Stromz\u00e4hler<\/a> zu sein. Nach aktueller Gesetzeslage d\u00fcrfen die Anlagen nicht an einen alten Stromz\u00e4hler angeschlossen werden. Bei einer Einspeisung von Strom w\u00fcrde dieser r\u00fcckw\u00e4rts laufen und das ist verboten. Andererseits m\u00fcsste der Netzbetreiber bei der Anmeldung der Balkon-PV dann umgehend einen neuen Z\u00e4hler einbauen. Wie wird das gehandhabt?<\/em><\/p>\n\n\n\n<p><strong>Michael Wachter:<\/strong> In der Regel ist das genauso. Wenn man sich beim Energieversorger anmeldet und aktuell nur ein analoger Scheibenz\u00e4hler vorliegt, dann m\u00fcsste der durch einen <strong>digitalen, saldierenden Z\u00e4hler<\/strong> ausgetauscht werden.<\/p>\n\n\n\n<div class=\"responsive-two-columns\">\n    <div class=\"c1\">\n        <a href=\"https:\/\/www.erdgas-suedwest.de\/zuhause\/solarplaner?ctm_source=blog&#038;ctm_medium=esw&#038;ctm_campaign=interview-balkonkraftwerk-experte&#038;ctm_content=banner\" rel=\"noopener\">\n            <img decoding=\"async\" src=\"https:\/\/www.erdgas-suedwest.de\/natuerlichzukunft\/wp-content\/uploads\/2024\/01\/221220_eSW_solar_banner_osl_gemischt-kl2.jpg\" alt=\"Banner f\u00fcr Solarangebot von Erdgas S\u00fcdwest\" \/>\n        <\/a>\n    <\/div>\n    <div class=\"c2\">\n        <h3>Unabh\u00e4ngig von steigenden Strompreisen werden?<\/h3>\n        <p>Jetzt zu Photovoltaik mit Festpreis informieren!<\/p>\n        <a href=\"https:\/\/www.erdgas-suedwest.de\/zuhause\/solarplaner?ctm_source=blog&#038;ctm_medium=esw&#038;ctm_campaign=interview-balkonkraftwerk-experte&#038;ctm_content=banner\" class=\"button\" rel=\"noopener\">Zum Solarangebot<\/a>\n    <\/div>\n<\/div>\n\n\n\n<div style=\"height:40px\" aria-hidden=\"true\" class=\"wp-block-spacer\"><\/div>\n\n\n\n<h2 class=\"wp-block-heading\"><strong>\u201eBalkonkraftwerke leisten inzwischen einen wichtigen Beitrag zur Energiewende.\u201c<\/strong><\/h2>\n\n\n\n<p><\/p>\n\n\n\n<p><strong>nat\u00fcrlichZukunft:<\/strong> <em>Nun sollen ja einige der hier angesprochenen Themen gelockert oder ganz beseitigt werden. Wir hatten das in einem <a href=\"https:\/\/www.erdgas-suedwest.de\/natuerlichzukunft\/eigener-strom-balkon-pv-solaranlage\/\">Artikel \u00fcber Balkonkraftwerke hier auf dem Blog<\/a> bereits thematisiert. Was w\u00fcnschen Sie sich als Hersteller von der Politik, damit sich die Technologie noch dynamischer verbreitet?<\/em><\/p>\n\n\n\n<p><strong>Michael Wachter:<\/strong> Balkonkraftwerke leisten inzwischen einen wichtigen Beitrag zur <strong>Energiewende<\/strong>. Sie werden allein vermutlich die Welt nicht retten, aber sie sind ein wichtiges Glied der Energieversorgungskette geworden und sind nicht mehr wegzudenken.&nbsp;<\/p>\n\n\n\n<p>Sie geben dar\u00fcber hinaus jedem einzelnen Menschen die M\u00f6glichkeit, sich ein St\u00fcck weit unabh\u00e4ngiger von den steigenden Energiepreisen zu machen und seinen \u00f6kologischen Fu\u00dfabdruck zu reduzieren.<\/p>\n\n\n\n<p>Deswegen w\u00fcrden wir uns w\u00fcnschen, dass jetzt die letzten, hier angesprochenen Hindernisse beseitigt werden, um Balkonkraftwerke fl\u00e4chendeckend an Bestandsgeb\u00e4uden anbringen zu k\u00f6nnen.<\/p>\n\n\n\n<p><strong>nat\u00fcrlichZukunft:<\/strong> <em>Aktuell wird auch diskutiert, die Leistungsgrenze von 600 auf 800 W anzuheben. Ist das schon das Ende der Fahnenstange oder ginge da noch mehr? Oder kriegen wir dann ein Problem z. B. mit dem Steckeranschluss?<\/em><\/p>\n\n\n\n<p><strong>Michael Wachter:<\/strong> Die Begrenzung liegt sicherlich in der maximalen Gr\u00f6\u00dfe der Fl\u00e4che, die an einem Balkon zur Verf\u00fcgung steht. Mit unseren neuen Anlagen, die 800 W<sub>peak<\/sub>&nbsp;leisten, gehen wir schon auf eine Breite von etwa 4,5 m. Ganz viele Balkone geben diese Fl\u00e4che allerdings gar nicht her. Unsere <strong>Wechselrichter<\/strong> sind zudem schon jetzt in der Lage, 800 W zu verarbeiten, und m\u00fcssten nur remote entsprechend freigeschaltet werden.<\/p>\n\n\n\n<p><strong>nat\u00fcrlichZukunft: <\/strong><em>Aktuell sprechen wir immer nur von Balkonen. Es gibt aber auch andere Einsatzszenarien f\u00fcr solche kleinen Solarmodule?<\/em><\/p>\n\n\n\n<p><strong>Michael Wachter:<\/strong> Das ist richtig. Wir bieten auch M\u00f6glichkeiten f\u00fcr <strong>Flach- oder Garagend\u00e4cher<\/strong>, f\u00fcr den Garten oder die Terrasse an. Die Halterung dieser Anlagen ist dann einfach anders.<\/p>\n\n\n\n<h2 class=\"wp-block-heading\"><strong>\u201eSchatten reduziert das Ergebnis eines Balkonkraftwerks erheblich.\u201c<\/strong><\/h2>\n\n\n\n<p><\/p>\n\n\n\n<p><strong>nat\u00fcrlichZukunft:<\/strong> <em>Nun hat nicht jeder einen perfekt nach S\u00fcden ausgerichteten Balkon. Welche Ausrichtung der Balkonkraftwerke liefert noch einigerma\u00dfen zufriedenstellende Ergebnisse?<\/em><\/p>\n\n\n\n<p><strong>Michael Wachter:<\/strong> Das ist schwierig zu sagen. Alles von S\u00fcdost bis S\u00fcdwest ist sinnvoll. Meist macht es auf Grund anderer Gegebenheiten keinen Sinn, eine Anlage zu installieren. Wenn z. B. ein Baum davorsteht, der immer <strong>Schatten<\/strong> wirft, sollte man davon eher absehen. Selbst wenn nur eines der Module verschattet ist, wird die Anlage auf Grund der <a href=\"https:\/\/www.erdgas-suedwest.de\/natuerlichzukunft\/glossar\/reihenschaltung\/\">Reihenschaltung<\/a> insgesamt zu wenig Strom liefern.&nbsp;<\/p>\n\n\n\n<p>Was die Leistung an sich wesentlich verbessern kann, ist eine Aufstellung der Module. Wenn diese gerade am Balkon h\u00e4ngen, ist der Winkel ja 90\u00b0. Im Sommer w\u00e4re es sinnvoll, die Module im Winkel von 35\u00b0 und im Winter von 75\u00b0 aufzustellen.<\/p>\n\n\n\n<figure class=\"wp-block-image size-large\"><a href=\"https:\/\/www.erdgas-suedwest.de\/natuerlichzukunft\/wp-content\/uploads\/2023\/07\/infografik-optimaler-neigungswinkel-balkonkraftwerk.png\"><img loading=\"lazy\" decoding=\"async\" width=\"1024\" height=\"700\" src=\"https:\/\/www.erdgas-suedwest.de\/natuerlichzukunft\/wp-content\/uploads\/2023\/07\/infografik-optimaler-neigungswinkel-balkonkraftwerk-1024x700.png\" alt=\"Infografik, die den optimalen Neigungswinkel f\u00fcr Balkonkraftwerke je nach Jahreszeit darstellt\" class=\"wp-image-10171\" srcset=\"https:\/\/www.erdgas-suedwest.de\/natuerlichzukunft\/wp-content\/uploads\/2023\/07\/infografik-optimaler-neigungswinkel-balkonkraftwerk-1024x700.png 1024w, https:\/\/www.erdgas-suedwest.de\/natuerlichzukunft\/wp-content\/uploads\/2023\/07\/infografik-optimaler-neigungswinkel-balkonkraftwerk-300x205.png 300w, https:\/\/www.erdgas-suedwest.de\/natuerlichzukunft\/wp-content\/uploads\/2023\/07\/infografik-optimaler-neigungswinkel-balkonkraftwerk-768x525.png 768w, https:\/\/www.erdgas-suedwest.de\/natuerlichzukunft\/wp-content\/uploads\/2023\/07\/infografik-optimaler-neigungswinkel-balkonkraftwerk-1536x1050.png 1536w, https:\/\/www.erdgas-suedwest.de\/natuerlichzukunft\/wp-content\/uploads\/2023\/07\/infografik-optimaler-neigungswinkel-balkonkraftwerk-480x328.png 480w, https:\/\/www.erdgas-suedwest.de\/natuerlichzukunft\/wp-content\/uploads\/2023\/07\/infografik-optimaler-neigungswinkel-balkonkraftwerk-1009x690.png 1009w, https:\/\/www.erdgas-suedwest.de\/natuerlichzukunft\/wp-content\/uploads\/2023\/07\/infografik-optimaler-neigungswinkel-balkonkraftwerk.png 2048w\" sizes=\"auto, (max-width: 1024px) 100vw, 1024px\" \/><\/a><\/figure>\n\n\n\n<div style=\"height:40px\" aria-hidden=\"true\" class=\"wp-block-spacer\"><\/div>\n\n\n\n<p><strong>nat\u00fcrlichZukunft:<\/strong> <em>Das Thema <a href=\"https:\/\/www.erdgas-suedwest.de\/natuerlichzukunft\/glossar\/verschattung\/\">Verschattung<\/a> scheint ja wirklich eine gro\u00dfe Rolle zu spielen.<\/em><\/p>\n\n\n\n<p><strong>Michael Wachter:<\/strong> Auf jeden Fall. Selbst kleinster Schattenwurf hat eine gro\u00dfe Wirkung. Man sollte z. B. unbedingt darauf verzichten, an der Balkonbr\u00fcstung Blumenk\u00e4sten anzubringen, vielleicht sogar mit \u00fcber die PV-Anlage herabh\u00e4ngenden Pflanzen. Je mehr Sonne auf die Module f\u00e4llt, desto besser insgesamt das Ergebnis.<\/p>\n\n\n\n<p><strong>nat\u00fcrlichZukunft:<\/strong> <em>Mit welchem Ergebnis kann man denn eigentlich rechnen? Also wie viel Prozent des eigenen Stromverbrauchs kann man mit einem Balkonkraftwerk selbst erzeugen?<\/em><\/p>\n\n\n\n<p><strong>Michael Wachter:<\/strong> Das kann man so pauschal nat\u00fcrlich nur schwer beantworten, denn das h\u00e4ngt ja von der Menge des verbrauchten Stroms ab. Wir gehen aber davon aus, dass man etwa die <strong>H\u00e4lfte des erzeugten Stroms selbst verbrauchen<\/strong> kann. Das wiederum w\u00e4ren also 10 bis 20 % des eigenen Stromverbrauchs. <\/p>\n\n\n\n<p>Der eigentliche Vorteil von Balkonkraftwerken besteht aber auch darin, dass man eben dezentral Strom erzeugt. Das entlastet die Netze und man ist weniger abh\u00e4ngig vom Stromnetz. Allerdings muss man eines wissen: Wenn das Stromnetz ausf\u00e4llt, dann flie\u00dft auch kein Solarstrom. Die Anlagen ben\u00f6tigen eine <strong>Netzspannung<\/strong>, um einzuspeisen.<\/p>\n\n\n\n<h2 class=\"wp-block-heading\"><strong>\u201eBalkonkraftwerke sind im Prinzip wartungsfrei.\u201c<\/strong><\/h2>\n\n\n\n<p><\/p>\n\n\n\n<p><strong>nat\u00fcrlichZukunft:<\/strong> <em>Sie bieten auch eine Versicherung f\u00fcr Balkonkraftwerke an. Was hat es damit auf sich?<\/em><\/p>\n\n\n\n<p><strong>Michael Wachter:<\/strong> Das Thema <strong>Versicherung<\/strong> beruht auf dem Wunsch von Kund*innen, die mit Fragen an uns herangetreten sind, wie &#8222;Was passiert, wenn meine Anlage gestohlen wird?&#8220;, &#8222;Was passiert, wenn meine Anlage nicht ausreichend angebracht wurde und bei Sturm wegfliegt?&#8220; oder &#8222;Was passiert, wenn meine Anlage einen Schaden am Haus verursacht?&#8220;.<\/p>\n\n\n\n<p>Bisher decken einige Hausratversicherungen Balkon-PV nicht ab. Wir sind daraufhin mit unserer Sparkasse ins Gespr\u00e4ch gegangen und konnten erreichen, dass die Versicherung von Balkon- und Garten-PV-Anlagen im Rahmen einer Hausratversicherung organisiert wird.&nbsp;<\/p>\n\n\n\n<p>Diebstahl, Vandalismus und andere genannte Szenarien sind dabei inkludiert. Die Kosten liegen im Rahmen einer normalen Hausratversicherung.&nbsp;<\/p>\n\n\n\n<p><strong>nat\u00fcrlichZukunft:<\/strong><em> Wie ist das mit der Wartung der Anlagen? Soll man die Module regelm\u00e4\u00dfig z. B. von Staub reinigen, um die Leistung zu gew\u00e4hrleisten?<\/em><\/p>\n\n\n\n<p><strong>Michael Wachter:<\/strong> Eigentlich sind die Module <strong>wartungsfrei<\/strong>. Wenn jedoch wie jetzt im Fr\u00fchjahr der Saharastaub zu uns r\u00fcberweht oder auch nach der Pollensaison, empfehlen wir, die Module mit einem normalen Haushaltsschwamm, lauwarmen Wasser und etwas Sp\u00fclmittel zu reinigen.&nbsp;<\/p>\n\n\n\n<p>Beim Wechselrichter ist wichtig zu beachten, dass der an einem schattigen Platz steht. In der prallen Sonne k\u00f6nnte das Ger\u00e4t \u00fcberhitzen, in einen Schutzmodus fallen und die Leistung wird reduziert.<\/p>\n\n\n\n<hr class=\"wp-block-separator has-alpha-channel-opacity\"\/>\n\n\n\n<p><sup>(1)<\/sup> VDE =&nbsp;Verband der Elektrotechnik Elektronik Informationstechnik e. V.<\/p>\n","protected":false},"excerpt":{"rendered":"<p>\u00dcber 250.000 Balkonkraftwerke soll es in Deutschland inzwischen geben und t\u00e4glich werden es mehr. Warum die steckerfertigen Solaranlagen immer popul\u00e4rer werden, dar\u00fcber haben wir uns mit dem Technischen Manager eines Startups aus Baden-W\u00fcrttemberg unterhalten.<\/p>\n","protected":false},"author":4,"featured_media":10147,"comment_status":"open","ping_status":"closed","sticky":false,"template":"","format":"standard","meta":{"_acf_changed":false,"rating_form_position":"","rating_results_position":"","mr_structured_data_type":"Organization","footnotes":""},"categories":[8],"tags":[75,85,45,16],"class_list":["post-10066","post","type-post","status-publish","format-standard","has-post-thumbnail","hentry","category-gruener-strom","tag-erneuerbare-energien","tag-oekostrom","tag-photovoltaik","tag-solaranlage"],"acf":[],"yoast_head":"<!-- This site is optimized with the Yoast SEO plugin v27.4 - https:\/\/yoast.com\/product\/yoast-seo-wordpress\/ -->\n<title>Experte im Interview: Wieso der Markt f\u00fcr Balkonkraftwerke dynamisch w\u00e4chst - nat\u00fcrlichZukunft<\/title>\n<meta name=\"description\" content=\"Balkonkraftwerke erleben einen Boom. Interview mit einem Experten \u00fcber die Vorteile dieser steckerfertigen Solaranlagen.\" \/>\n<meta name=\"robots\" content=\"index, follow, max-snippet:-1, max-image-preview:large, max-video-preview:-1\" \/>\n<link rel=\"canonical\" href=\"https:\/\/www.erdgas-suedwest.de\/natuerlichzukunft\/interview-balkonkraftwerk-experte\/\" \/>\n<meta property=\"og:locale\" content=\"de_DE\" \/>\n<meta property=\"og:type\" content=\"article\" \/>\n<meta property=\"og:title\" content=\"Experte im Interview: Wieso der Markt f\u00fcr Balkonkraftwerke dynamisch w\u00e4chst - nat\u00fcrlichZukunft\" \/>\n<meta property=\"og:description\" content=\"Balkonkraftwerke erleben einen Boom. Interview mit einem Experten \u00fcber die Vorteile dieser steckerfertigen Solaranlagen.\" \/>\n<meta property=\"og:url\" content=\"https:\/\/www.erdgas-suedwest.de\/natuerlichzukunft\/interview-balkonkraftwerk-experte\/\" \/>\n<meta property=\"og:site_name\" content=\"nat\u00fcrlichZukunft\" \/>\n<meta property=\"article:published_time\" content=\"2023-07-26T08:38:42+00:00\" \/>\n<meta property=\"article:modified_time\" content=\"2025-12-13T09:07:36+00:00\" \/>\n<meta property=\"og:image\" content=\"https:\/\/www.erdgas-suedwest.de\/natuerlichzukunft\/wp-content\/uploads\/2023\/07\/interview-balkonkraftwerk-montierte-balkon-pv.jpg\" \/>\n\t<meta property=\"og:image:width\" content=\"1440\" \/>\n\t<meta property=\"og:image:height\" content=\"530\" \/>\n\t<meta property=\"og:image:type\" content=\"image\/jpeg\" \/>\n<meta name=\"author\" content=\"Sigmund Staus\" \/>\n<meta name=\"twitter:card\" content=\"summary_large_image\" \/>\n<meta name=\"twitter:label1\" content=\"Verfasst von\" \/>\n\t<meta name=\"twitter:data1\" content=\"Sigmund Staus\" \/>\n\t<meta name=\"twitter:label2\" content=\"Gesch\u00e4tzte Lesezeit\" \/>\n\t<meta name=\"twitter:data2\" content=\"11\u00a0Minuten\" \/>\n<script type=\"application\/ld+json\" class=\"yoast-schema-graph\">{\"@context\":\"https:\\\/\\\/schema.org\",\"@graph\":[{\"@type\":\"Article\",\"@id\":\"https:\\\/\\\/www.erdgas-suedwest.de\\\/natuerlichzukunft\\\/interview-balkonkraftwerk-experte\\\/#article\",\"isPartOf\":{\"@id\":\"https:\\\/\\\/www.erdgas-suedwest.de\\\/natuerlichzukunft\\\/interview-balkonkraftwerk-experte\\\/\"},\"author\":{\"name\":\"Sigmund Staus\",\"@id\":\"https:\\\/\\\/www.erdgas-suedwest.de\\\/natuerlichzukunft\\\/#\\\/schema\\\/person\\\/c6031b6f4675b6a3432d612a62db9870\"},\"headline\":\"Experte im Interview: Wieso der Markt f\u00fcr Balkonkraftwerke dynamisch w\u00e4chst\",\"datePublished\":\"2023-07-26T08:38:42+00:00\",\"dateModified\":\"2025-12-13T09:07:36+00:00\",\"mainEntityOfPage\":{\"@id\":\"https:\\\/\\\/www.erdgas-suedwest.de\\\/natuerlichzukunft\\\/interview-balkonkraftwerk-experte\\\/\"},\"wordCount\":1905,\"commentCount\":0,\"publisher\":{\"@id\":\"https:\\\/\\\/www.erdgas-suedwest.de\\\/natuerlichzukunft\\\/#organization\"},\"image\":{\"@id\":\"https:\\\/\\\/www.erdgas-suedwest.de\\\/natuerlichzukunft\\\/interview-balkonkraftwerk-experte\\\/#primaryimage\"},\"thumbnailUrl\":\"https:\\\/\\\/www.erdgas-suedwest.de\\\/natuerlichzukunft\\\/wp-content\\\/uploads\\\/2023\\\/07\\\/interview-balkonkraftwerk-montierte-balkon-pv.jpg\",\"keywords\":[\"Erneuerbare Energien\",\"\u00d6kostrom\",\"Photovoltaik\",\"Solaranlage\"],\"articleSection\":[\"Gr\u00fcner Strom\"],\"inLanguage\":\"de\",\"potentialAction\":[{\"@type\":\"CommentAction\",\"name\":\"Comment\",\"target\":[\"https:\\\/\\\/www.erdgas-suedwest.de\\\/natuerlichzukunft\\\/interview-balkonkraftwerk-experte\\\/#respond\"]}]},{\"@type\":\"WebPage\",\"@id\":\"https:\\\/\\\/www.erdgas-suedwest.de\\\/natuerlichzukunft\\\/interview-balkonkraftwerk-experte\\\/\",\"url\":\"https:\\\/\\\/www.erdgas-suedwest.de\\\/natuerlichzukunft\\\/interview-balkonkraftwerk-experte\\\/\",\"name\":\"Experte im Interview: Wieso der Markt f\u00fcr Balkonkraftwerke dynamisch w\u00e4chst - nat\u00fcrlichZukunft\",\"isPartOf\":{\"@id\":\"https:\\\/\\\/www.erdgas-suedwest.de\\\/natuerlichzukunft\\\/#website\"},\"primaryImageOfPage\":{\"@id\":\"https:\\\/\\\/www.erdgas-suedwest.de\\\/natuerlichzukunft\\\/interview-balkonkraftwerk-experte\\\/#primaryimage\"},\"image\":{\"@id\":\"https:\\\/\\\/www.erdgas-suedwest.de\\\/natuerlichzukunft\\\/interview-balkonkraftwerk-experte\\\/#primaryimage\"},\"thumbnailUrl\":\"https:\\\/\\\/www.erdgas-suedwest.de\\\/natuerlichzukunft\\\/wp-content\\\/uploads\\\/2023\\\/07\\\/interview-balkonkraftwerk-montierte-balkon-pv.jpg\",\"datePublished\":\"2023-07-26T08:38:42+00:00\",\"dateModified\":\"2025-12-13T09:07:36+00:00\",\"description\":\"Balkonkraftwerke erleben einen Boom. Interview mit einem Experten \u00fcber die Vorteile dieser steckerfertigen Solaranlagen.\",\"breadcrumb\":{\"@id\":\"https:\\\/\\\/www.erdgas-suedwest.de\\\/natuerlichzukunft\\\/interview-balkonkraftwerk-experte\\\/#breadcrumb\"},\"inLanguage\":\"de\",\"potentialAction\":[{\"@type\":\"ReadAction\",\"target\":[\"https:\\\/\\\/www.erdgas-suedwest.de\\\/natuerlichzukunft\\\/interview-balkonkraftwerk-experte\\\/\"]}]},{\"@type\":\"ImageObject\",\"inLanguage\":\"de\",\"@id\":\"https:\\\/\\\/www.erdgas-suedwest.de\\\/natuerlichzukunft\\\/interview-balkonkraftwerk-experte\\\/#primaryimage\",\"url\":\"https:\\\/\\\/www.erdgas-suedwest.de\\\/natuerlichzukunft\\\/wp-content\\\/uploads\\\/2023\\\/07\\\/interview-balkonkraftwerk-montierte-balkon-pv.jpg\",\"contentUrl\":\"https:\\\/\\\/www.erdgas-suedwest.de\\\/natuerlichzukunft\\\/wp-content\\\/uploads\\\/2023\\\/07\\\/interview-balkonkraftwerk-montierte-balkon-pv.jpg\",\"width\":1440,\"height\":530,\"caption\":\"Montiertes Balkonkraftwerk des Anbieters Pluginenergy\"},{\"@type\":\"BreadcrumbList\",\"@id\":\"https:\\\/\\\/www.erdgas-suedwest.de\\\/natuerlichzukunft\\\/interview-balkonkraftwerk-experte\\\/#breadcrumb\",\"itemListElement\":[{\"@type\":\"ListItem\",\"position\":1,\"name\":\"Home\",\"item\":\"https:\\\/\\\/www.erdgas-suedwest.de\\\/natuerlichzukunft\\\/\"},{\"@type\":\"ListItem\",\"position\":2,\"name\":\"Experte im Interview: Wieso der Markt f\u00fcr Balkonkraftwerke dynamisch w\u00e4chst\"}]},{\"@type\":\"WebSite\",\"@id\":\"https:\\\/\\\/www.erdgas-suedwest.de\\\/natuerlichzukunft\\\/#website\",\"url\":\"https:\\\/\\\/www.erdgas-suedwest.de\\\/natuerlichzukunft\\\/\",\"name\":\"nat\u00fcrlichZukunft\",\"description\":\"so geht \u00f6kologische Energie\",\"publisher\":{\"@id\":\"https:\\\/\\\/www.erdgas-suedwest.de\\\/natuerlichzukunft\\\/#organization\"},\"potentialAction\":[{\"@type\":\"SearchAction\",\"target\":{\"@type\":\"EntryPoint\",\"urlTemplate\":\"https:\\\/\\\/www.erdgas-suedwest.de\\\/natuerlichzukunft\\\/?s={search_term_string}\"},\"query-input\":{\"@type\":\"PropertyValueSpecification\",\"valueRequired\":true,\"valueName\":\"search_term_string\"}}],\"inLanguage\":\"de\"},{\"@type\":\"Organization\",\"@id\":\"https:\\\/\\\/www.erdgas-suedwest.de\\\/natuerlichzukunft\\\/#organization\",\"name\":\"nat\u00fcrlichZukunft\",\"url\":\"https:\\\/\\\/www.erdgas-suedwest.de\\\/natuerlichzukunft\\\/\",\"logo\":{\"@type\":\"ImageObject\",\"inLanguage\":\"de\",\"@id\":\"https:\\\/\\\/www.erdgas-suedwest.de\\\/natuerlichzukunft\\\/#\\\/schema\\\/logo\\\/image\\\/\",\"url\":\"https:\\\/\\\/www.erdgas-suedwest.de\\\/natuerlichzukunft\\\/wp-content\\\/uploads\\\/2024\\\/04\\\/natuerlichZukunft_Schriftzug.png\",\"contentUrl\":\"https:\\\/\\\/www.erdgas-suedwest.de\\\/natuerlichzukunft\\\/wp-content\\\/uploads\\\/2024\\\/04\\\/natuerlichZukunft_Schriftzug.png\",\"width\":520,\"height\":107,\"caption\":\"nat\u00fcrlichZukunft\"},\"image\":{\"@id\":\"https:\\\/\\\/www.erdgas-suedwest.de\\\/natuerlichzukunft\\\/#\\\/schema\\\/logo\\\/image\\\/\"}},{\"@type\":\"Person\",\"@id\":\"https:\\\/\\\/www.erdgas-suedwest.de\\\/natuerlichzukunft\\\/#\\\/schema\\\/person\\\/c6031b6f4675b6a3432d612a62db9870\",\"name\":\"Sigmund Staus\",\"url\":\"https:\\\/\\\/www.erdgas-suedwest.de\\\/natuerlichzukunft\\\/author\\\/sigmundstaus\\\/\"}]}<\/script>\n<!-- \/ Yoast SEO plugin. -->","yoast_head_json":{"title":"Experte im Interview: Wieso der Markt f\u00fcr Balkonkraftwerke dynamisch w\u00e4chst - nat\u00fcrlichZukunft","description":"Balkonkraftwerke erleben einen Boom. Interview mit einem Experten \u00fcber die Vorteile dieser steckerfertigen Solaranlagen.","robots":{"index":"index","follow":"follow","max-snippet":"max-snippet:-1","max-image-preview":"max-image-preview:large","max-video-preview":"max-video-preview:-1"},"canonical":"https:\/\/www.erdgas-suedwest.de\/natuerlichzukunft\/interview-balkonkraftwerk-experte\/","og_locale":"de_DE","og_type":"article","og_title":"Experte im Interview: Wieso der Markt f\u00fcr Balkonkraftwerke dynamisch w\u00e4chst - nat\u00fcrlichZukunft","og_description":"Balkonkraftwerke erleben einen Boom. Interview mit einem Experten \u00fcber die Vorteile dieser steckerfertigen Solaranlagen.","og_url":"https:\/\/www.erdgas-suedwest.de\/natuerlichzukunft\/interview-balkonkraftwerk-experte\/","og_site_name":"nat\u00fcrlichZukunft","article_published_time":"2023-07-26T08:38:42+00:00","article_modified_time":"2025-12-13T09:07:36+00:00","og_image":[{"width":1440,"height":530,"url":"https:\/\/www.erdgas-suedwest.de\/natuerlichzukunft\/wp-content\/uploads\/2023\/07\/interview-balkonkraftwerk-montierte-balkon-pv.jpg","type":"image\/jpeg"}],"author":"Sigmund Staus","twitter_card":"summary_large_image","twitter_misc":{"Verfasst von":"Sigmund Staus","Gesch\u00e4tzte Lesezeit":"11\u00a0Minuten"},"schema":{"@context":"https:\/\/schema.org","@graph":[{"@type":"Article","@id":"https:\/\/www.erdgas-suedwest.de\/natuerlichzukunft\/interview-balkonkraftwerk-experte\/#article","isPartOf":{"@id":"https:\/\/www.erdgas-suedwest.de\/natuerlichzukunft\/interview-balkonkraftwerk-experte\/"},"author":{"name":"Sigmund Staus","@id":"https:\/\/www.erdgas-suedwest.de\/natuerlichzukunft\/#\/schema\/person\/c6031b6f4675b6a3432d612a62db9870"},"headline":"Experte im Interview: Wieso der Markt f\u00fcr Balkonkraftwerke dynamisch w\u00e4chst","datePublished":"2023-07-26T08:38:42+00:00","dateModified":"2025-12-13T09:07:36+00:00","mainEntityOfPage":{"@id":"https:\/\/www.erdgas-suedwest.de\/natuerlichzukunft\/interview-balkonkraftwerk-experte\/"},"wordCount":1905,"commentCount":0,"publisher":{"@id":"https:\/\/www.erdgas-suedwest.de\/natuerlichzukunft\/#organization"},"image":{"@id":"https:\/\/www.erdgas-suedwest.de\/natuerlichzukunft\/interview-balkonkraftwerk-experte\/#primaryimage"},"thumbnailUrl":"https:\/\/www.erdgas-suedwest.de\/natuerlichzukunft\/wp-content\/uploads\/2023\/07\/interview-balkonkraftwerk-montierte-balkon-pv.jpg","keywords":["Erneuerbare Energien","\u00d6kostrom","Photovoltaik","Solaranlage"],"articleSection":["Gr\u00fcner Strom"],"inLanguage":"de","potentialAction":[{"@type":"CommentAction","name":"Comment","target":["https:\/\/www.erdgas-suedwest.de\/natuerlichzukunft\/interview-balkonkraftwerk-experte\/#respond"]}]},{"@type":"WebPage","@id":"https:\/\/www.erdgas-suedwest.de\/natuerlichzukunft\/interview-balkonkraftwerk-experte\/","url":"https:\/\/www.erdgas-suedwest.de\/natuerlichzukunft\/interview-balkonkraftwerk-experte\/","name":"Experte im Interview: Wieso der Markt f\u00fcr Balkonkraftwerke dynamisch w\u00e4chst - nat\u00fcrlichZukunft","isPartOf":{"@id":"https:\/\/www.erdgas-suedwest.de\/natuerlichzukunft\/#website"},"primaryImageOfPage":{"@id":"https:\/\/www.erdgas-suedwest.de\/natuerlichzukunft\/interview-balkonkraftwerk-experte\/#primaryimage"},"image":{"@id":"https:\/\/www.erdgas-suedwest.de\/natuerlichzukunft\/interview-balkonkraftwerk-experte\/#primaryimage"},"thumbnailUrl":"https:\/\/www.erdgas-suedwest.de\/natuerlichzukunft\/wp-content\/uploads\/2023\/07\/interview-balkonkraftwerk-montierte-balkon-pv.jpg","datePublished":"2023-07-26T08:38:42+00:00","dateModified":"2025-12-13T09:07:36+00:00","description":"Balkonkraftwerke erleben einen Boom. Interview mit einem Experten \u00fcber die Vorteile dieser steckerfertigen Solaranlagen.","breadcrumb":{"@id":"https:\/\/www.erdgas-suedwest.de\/natuerlichzukunft\/interview-balkonkraftwerk-experte\/#breadcrumb"},"inLanguage":"de","potentialAction":[{"@type":"ReadAction","target":["https:\/\/www.erdgas-suedwest.de\/natuerlichzukunft\/interview-balkonkraftwerk-experte\/"]}]},{"@type":"ImageObject","inLanguage":"de","@id":"https:\/\/www.erdgas-suedwest.de\/natuerlichzukunft\/interview-balkonkraftwerk-experte\/#primaryimage","url":"https:\/\/www.erdgas-suedwest.de\/natuerlichzukunft\/wp-content\/uploads\/2023\/07\/interview-balkonkraftwerk-montierte-balkon-pv.jpg","contentUrl":"https:\/\/www.erdgas-suedwest.de\/natuerlichzukunft\/wp-content\/uploads\/2023\/07\/interview-balkonkraftwerk-montierte-balkon-pv.jpg","width":1440,"height":530,"caption":"Montiertes Balkonkraftwerk des Anbieters Pluginenergy"},{"@type":"BreadcrumbList","@id":"https:\/\/www.erdgas-suedwest.de\/natuerlichzukunft\/interview-balkonkraftwerk-experte\/#breadcrumb","itemListElement":[{"@type":"ListItem","position":1,"name":"Home","item":"https:\/\/www.erdgas-suedwest.de\/natuerlichzukunft\/"},{"@type":"ListItem","position":2,"name":"Experte im Interview: Wieso der Markt f\u00fcr Balkonkraftwerke dynamisch w\u00e4chst"}]},{"@type":"WebSite","@id":"https:\/\/www.erdgas-suedwest.de\/natuerlichzukunft\/#website","url":"https:\/\/www.erdgas-suedwest.de\/natuerlichzukunft\/","name":"nat\u00fcrlichZukunft","description":"so geht \u00f6kologische Energie","publisher":{"@id":"https:\/\/www.erdgas-suedwest.de\/natuerlichzukunft\/#organization"},"potentialAction":[{"@type":"SearchAction","target":{"@type":"EntryPoint","urlTemplate":"https:\/\/www.erdgas-suedwest.de\/natuerlichzukunft\/?s={search_term_string}"},"query-input":{"@type":"PropertyValueSpecification","valueRequired":true,"valueName":"search_term_string"}}],"inLanguage":"de"},{"@type":"Organization","@id":"https:\/\/www.erdgas-suedwest.de\/natuerlichzukunft\/#organization","name":"nat\u00fcrlichZukunft","url":"https:\/\/www.erdgas-suedwest.de\/natuerlichzukunft\/","logo":{"@type":"ImageObject","inLanguage":"de","@id":"https:\/\/www.erdgas-suedwest.de\/natuerlichzukunft\/#\/schema\/logo\/image\/","url":"https:\/\/www.erdgas-suedwest.de\/natuerlichzukunft\/wp-content\/uploads\/2024\/04\/natuerlichZukunft_Schriftzug.png","contentUrl":"https:\/\/www.erdgas-suedwest.de\/natuerlichzukunft\/wp-content\/uploads\/2024\/04\/natuerlichZukunft_Schriftzug.png","width":520,"height":107,"caption":"nat\u00fcrlichZukunft"},"image":{"@id":"https:\/\/www.erdgas-suedwest.de\/natuerlichzukunft\/#\/schema\/logo\/image\/"}},{"@type":"Person","@id":"https:\/\/www.erdgas-suedwest.de\/natuerlichzukunft\/#\/schema\/person\/c6031b6f4675b6a3432d612a62db9870","name":"Sigmund Staus","url":"https:\/\/www.erdgas-suedwest.de\/natuerlichzukunft\/author\/sigmundstaus\/"}]}},"multi-rating":{"mr_rating_results":[{"adjusted_star_result":4.79,"star_result":4.79,"total_max_option_value":5,"adjusted_score_result":4.79,"score_result":4.79,"percentage_result":95.71,"adjusted_percentage_result":95.71,"count":14,"post_id":10066}]},"_links":{"self":[{"href":"https:\/\/www.erdgas-suedwest.de\/natuerlichzukunft\/wp-json\/wp\/v2\/posts\/10066","targetHints":{"allow":["GET"]}}],"collection":[{"href":"https:\/\/www.erdgas-suedwest.de\/natuerlichzukunft\/wp-json\/wp\/v2\/posts"}],"about":[{"href":"https:\/\/www.erdgas-suedwest.de\/natuerlichzukunft\/wp-json\/wp\/v2\/types\/post"}],"author":[{"embeddable":true,"href":"https:\/\/www.erdgas-suedwest.de\/natuerlichzukunft\/wp-json\/wp\/v2\/users\/4"}],"replies":[{"embeddable":true,"href":"https:\/\/www.erdgas-suedwest.de\/natuerlichzukunft\/wp-json\/wp\/v2\/comments?post=10066"}],"version-history":[{"count":36,"href":"https:\/\/www.erdgas-suedwest.de\/natuerlichzukunft\/wp-json\/wp\/v2\/posts\/10066\/revisions"}],"predecessor-version":[{"id":15419,"href":"https:\/\/www.erdgas-suedwest.de\/natuerlichzukunft\/wp-json\/wp\/v2\/posts\/10066\/revisions\/15419"}],"wp:featuredmedia":[{"embeddable":true,"href":"https:\/\/www.erdgas-suedwest.de\/natuerlichzukunft\/wp-json\/wp\/v2\/media\/10147"}],"wp:attachment":[{"href":"https:\/\/www.erdgas-suedwest.de\/natuerlichzukunft\/wp-json\/wp\/v2\/media?parent=10066"}],"wp:term":[{"taxonomy":"category","embeddable":true,"href":"https:\/\/www.erdgas-suedwest.de\/natuerlichzukunft\/wp-json\/wp\/v2\/categories?post=10066"},{"taxonomy":"post_tag","embeddable":true,"href":"https:\/\/www.erdgas-suedwest.de\/natuerlichzukunft\/wp-json\/wp\/v2\/tags?post=10066"}],"curies":[{"name":"wp","href":"https:\/\/api.w.org\/{rel}","templated":true}]}}